{"id":27673,"date":"2025-03-18T13:44:32","date_gmt":"2025-03-18T12:44:32","guid":{"rendered":"https:\/\/www.tonyelumelufoundation.org\/?p=27673"},"modified":"2025-03-18T13:44:32","modified_gmt":"2025-03-18T12:44:32","slug":"a-fundacao-tony-elumelu-vai-anunciar-a-coorte-de-2025-do-programa-de-empreendedorismo-tef","status":"publish","type":"post","link":"https:\/\/www.tonyelumelufoundation.org\/pt\/press-releases\/the-tony-elumelu-foundation-set-to-announce-2025-cohort-of-tef-entrepreneurship-programme","title":{"rendered":"A Funda\u00e7\u00e3o Tony Elumelu prepara-se para anunciar a coorte de 2025 do Programa de Empreendedorismo TEF"},"content":{"rendered":"<ul>\n<li><em>Os empres\u00e1rios Tony Elumelu criaram coletivamente 1,5 milh\u00f5es de postos de trabalho e geraram $4,2 mil milh\u00f5es de receitas<\/em><\/li>\n<li><em>Mais de 2 milh\u00f5es de africanos sa\u00edram da pobreza<\/em><\/li>\n<\/ul>\n<p>Lagos, Nig\u00e9ria - 17 de mar\u00e7o de 2025 - A Funda\u00e7\u00e3o Tony Elumelu (TEF), a principal institui\u00e7\u00e3o filantr\u00f3pica africana que d\u00e1 poder aos empres\u00e1rios, vai anunciar os 11<sup>\u00ba<\/sup> coorte do Programa de Empreendedorismo TEF no s\u00e1bado, 22 de mar\u00e7o de 2025.<\/p>\n<p>O an\u00fancio de 2025 surge num momento cr\u00edtico, uma vez que o ecossistema de empreendedorismo de \u00c1frica enfrenta restri\u00e7\u00f5es de financiamento e ventos contr\u00e1rios econ\u00f3micos globais. O TEF continua a prestar o apoio t\u00e3o necess\u00e1rio, capacitando os empres\u00e1rios africanos a transformarem as suas ideias em empresas sustent\u00e1veis e motores de crescimento econ\u00f3mico.<\/p>\n<p>Cada Empreendedor Tony Elumelu selecionado receber\u00e1 $5.000 de capital inicial n\u00e3o reembols\u00e1vel, uma forma\u00e7\u00e3o empresarial de classe mundial no TEFConnect, orienta\u00e7\u00e3o individual e acesso a redes globais e oportunidades de investimento. O processo de sele\u00e7\u00e3o est\u00e1 a ser conduzido pela Ernst &amp; Young, para garantir uma avalia\u00e7\u00e3o independente.<\/p>\n<p>O impacto da Funda\u00e7\u00e3o Tony Elumelu vai para al\u00e9m do financiamento. Est\u00e1 a mudar vidas e a moldar o futuro de \u00c1frica, como testemunham os benefici\u00e1rios do catalisador Programa de Empreendedorismo TEF.<\/p>\n<p>Antes do pr\u00f3ximo an\u00fancio, Tony O. Elumelu, C.F.R., fundador da TEF e Presidente do Grupo Heirs Holdings, reitera a sua convic\u00e7\u00e3o inabal\u00e1vel no potencial dos empres\u00e1rios africanos:<\/p>\n<p><em>\u201cAcredito que a transforma\u00e7\u00e3o de \u00c1frica n\u00e3o ser\u00e1 liderada pela ajuda, mas sim pela capacita\u00e7\u00e3o da pr\u00f3xima gera\u00e7\u00e3o de empres\u00e1rios africanos - dando-lhes as ferramentas, o financiamento, a forma\u00e7\u00e3o e as redes para constru\u00edrem empresas sustent\u00e1veis que criem emprego e impulsionem o crescimento econ\u00f3mico. <\/em><\/p>\n<p><em>Ao longo da \u00faltima d\u00e9cada, apoi\u00e1mos os empres\u00e1rios desde o in\u00edcio at\u00e9 ao sucesso, aumentando o nosso impacto em todos os 54 pa\u00edses africanos. Fornecemos capital e tamb\u00e9m desenvolvemos um quadro s\u00f3lido de monitoriza\u00e7\u00e3o e avalia\u00e7\u00e3o que nos permite acompanhar o progresso dos nossos empres\u00e1rios e medir as suas contribui\u00e7\u00f5es para as suas comunidades e economias. <\/em><em>\u00a0<\/em><\/p>\n<p><em>Nenhuma outra organiza\u00e7\u00e3o est\u00e1 a implementar o desenvolvimento do esp\u00edrito empresarial a esta escala em toda a \u00c1frica. Aprendemos, aperfei\u00e7o\u00e1mos e continuamos a melhorar, garantindo que os empres\u00e1rios africanos - mulheres e homens - est\u00e3o na vanguarda da resolu\u00e7\u00e3o dos desafios do nosso continente e da cria\u00e7\u00e3o de riqueza para si pr\u00f3prios e para as suas comunidades. <\/em><\/p>\n<p><em>O empreendedorismo \u00e9 a chave para a prosperidade de \u00c1frica.<\/em><\/p>\n<p><em>Desejo sucesso \u00e0 coorte de 2025 dos Empreendedores Tony Elumelu, \u00e0 medida que perseguem as suas ambi\u00e7\u00f5es e desempenham o seu papel na transforma\u00e7\u00e3o de \u00c1frica.\u201d<\/em><\/p>\n<p>Para mais informa\u00e7\u00f5es sobre o impacto da Funda\u00e7\u00e3o Tony Elumelu, visite a nossa <a href=\"https:\/\/www.tonyelumelufoundation.org\/pt\/relatorios-de-impacto-tef\/\">P\u00e1gina de impacto<\/a>, <a href=\"https:\/\/www.tonyelumelufoundation.org\/pt\/historias-de-sucesso\/\">P\u00e1gina de hist\u00f3rias de sucesso em \u00c1frica<\/a>, e <a href=\"https:\/\/www.tonyelumelufoundation.org\/pt\/demonstracoes-financeiras-auditadas-pela-tef-2\/\">P\u00e1gina do relat\u00f3rio anual<\/a>.<\/p>\n<p>&nbsp;<\/p>\n<p>Para quest\u00f5es relacionadas com a comunica\u00e7\u00e3o social: <a href=\"mailto:tefmedia@tonyelumelufoundation.org\">TEFMedia@tonyelumelufoundation.org<\/a><\/p>\n<p>&nbsp;<\/p>\n<p><strong>Testemunhos de empreendedores Tony Elumelu de anos anteriores<\/strong><\/p>\n<p>\u201cComecei a minha agroind\u00fastria apenas com uma ideia. O TEF mudou tudo. Com o financiamento, a forma\u00e7\u00e3o e a orienta\u00e7\u00e3o, expandi-me agora por tr\u00eas pa\u00edses e emprego 25 pessoas.\u201d<\/p>\n<p>- Fatima Diallo, Senegal, empres\u00e1ria do sector agro-t\u00e9cnico<\/p>\n<p>&nbsp;<\/p>\n<p>\u201cComo mulher no sector das fintech, era dif\u00edcil obter financiamento. O TEF n\u00e3o s\u00f3 me forneceu capital, como tamb\u00e9m a confian\u00e7a e as compet\u00eancias para construir uma empresa que est\u00e1 agora a atrair investidores internacionais.\u201d<\/p>\n<p>- Mary Okeke, Nig\u00e9ria, fundadora de uma fintech<\/p>\n<p>&nbsp;<\/p>\n<p>\u201cO Programa de Empreendedorismo TEF ajudou-me a comercializar a minha inova\u00e7\u00e3o em energia limpa. Atualmente, fornecemos solu\u00e7\u00f5es solares a mais de 50 000 casas nas zonas rurais da Tanz\u00e2nia.\u201d<\/p>\n<p>- Juma Nyerere, Tanz\u00e2nia, Empres\u00e1rio do sector das energias renov\u00e1veis<\/p>\n<p>&nbsp;<\/p>\n<p><strong>Sobre a Funda\u00e7\u00e3o Tony Elumelu <\/strong><\/p>\n<p>A Funda\u00e7\u00e3o Tony Elumelu \u00e9 a principal institui\u00e7\u00e3o filantr\u00f3pica que d\u00e1 poder a uma nova gera\u00e7\u00e3o de empres\u00e1rios africanos, impulsionando a erradica\u00e7\u00e3o da pobreza, catalisando a cria\u00e7\u00e3o de emprego em todos os 54 pa\u00edses africanos e assegurando uma capacita\u00e7\u00e3o econ\u00f3mica inclusiva.<\/p>\n<p>Desde o lan\u00e7amento do Programa de Empreendedorismo da Funda\u00e7\u00e3o Tony Elumelu em 2015, o TEF retirou mais de 2 milh\u00f5es de africanos da pobreza, proporcionou a 2,5 milh\u00f5es de jovens africanos acesso a forma\u00e7\u00e3o em <a href=\"https:\/\/tefconnect.com\" target=\"_blank\" rel=\"noopener\">TEFConnect<\/a>, e desembolsou mais de $100 milh\u00f5es em financiamento direto a milhares de empres\u00e1rios africanos que criaram mais de 1,5 milh\u00f5es de empregos diretos e indirectos e geraram mais de $4,2 mil milh\u00f5es em receitas.<\/p>\n<p>&nbsp;<\/p>","protected":false},"excerpt":{"rendered":"<p>Lagos, Nig\u00e9ria - 17 de mar\u00e7o de 2025 - A Funda\u00e7\u00e3o Tony Elumelu (TEF), a principal institui\u00e7\u00e3o filantr\u00f3pica africana que d\u00e1 poder aos empres\u00e1rios, vai anunciar a 11.\u00aa coorte do Programa de Empreendedorismo TEF no s\u00e1bado, 22 de mar\u00e7o de 2025.<\/p>","protected":false},"author":29,"featured_media":27674,"comment_status":"closed","ping_status":"closed","sticky":false,"template":"","format":"standard","meta":{"_exactmetrics_skip_tracking":false,"_exactmetrics_sitenote_active":false,"_exactmetrics_sitenote_note":"","_exactmetrics_sitenote_category":0,"cybocfi_hide_featured_image":"","footnotes":""},"categories":[63],"tags":[],"class_list":["post-27673","post","type-post","status-publish","format-standard","has-post-thumbnail","hentry","category-press-releases"],"_links":{"self":[{"href":"https:\/\/www.tonyelumelufoundation.org\/pt\/wp-json\/wp\/v2\/posts\/27673","targetHints":{"allow":["GET"]}}],"collection":[{"href":"https:\/\/www.tonyelumelufoundation.org\/pt\/wp-json\/wp\/v2\/posts"}],"about":[{"href":"https:\/\/www.tonyelumelufoundation.org\/pt\/wp-json\/wp\/v2\/types\/post"}],"author":[{"embeddable":true,"href":"https:\/\/www.tonyelumelufoundation.org\/pt\/wp-json\/wp\/v2\/users\/29"}],"replies":[{"embeddable":true,"href":"https:\/\/www.tonyelumelufoundation.org\/pt\/wp-json\/wp\/v2\/comments?post=27673"}],"version-history":[{"count":2,"href":"https:\/\/www.tonyelumelufoundation.org\/pt\/wp-json\/wp\/v2\/posts\/27673\/revisions"}],"predecessor-version":[{"id":27676,"href":"https:\/\/www.tonyelumelufoundation.org\/pt\/wp-json\/wp\/v2\/posts\/27673\/revisions\/27676"}],"wp:featuredmedia":[{"embeddable":true,"href":"https:\/\/www.tonyelumelufoundation.org\/pt\/wp-json\/wp\/v2\/media\/27674"}],"wp:attachment":[{"href":"https:\/\/www.tonyelumelufoundation.org\/pt\/wp-json\/wp\/v2\/media?parent=27673"}],"wp:term":[{"taxonomy":"category","embeddable":true,"href":"https:\/\/www.tonyelumelufoundation.org\/pt\/wp-json\/wp\/v2\/categories?post=27673"},{"taxonomy":"post_tag","embeddable":true,"href":"https:\/\/www.tonyelumelufoundation.org\/pt\/wp-json\/wp\/v2\/tags?post=27673"}],"curies":[{"name":"wp","href":"https:\/\/api.w.org\/{rel}","templated":true}]}}