{"id":28935,"date":"2026-07-20T15:43:56","date_gmt":"2026-07-20T14:43:56","guid":{"rendered":"https:\/\/www.tonyelumelufoundation.org\/?p=28935"},"modified":"2026-07-20T15:48:51","modified_gmt":"2026-07-20T14:48:51","slug":"dumisani-ntini","status":"publish","type":"post","link":"https:\/\/www.tonyelumelufoundation.org\/pt\/alumni\/south-african-alumni\/dumisani-ntini","title":{"rendered":"Dumisani Ntini est\u00e1 a promover a governa\u00e7\u00e3o empresarial em \u00c1frica"},"content":{"rendered":"<p class=\"isSelectedEnd\">Para um empres\u00e1rio do Botsuana <a href=\"https:\/\/contactout.com\/dumisani-f-ntini-64245\" target=\"_blank\" rel=\"noopener\"><b>Dumisani Ntini<\/b><\/a>, este desafio tornou-se uma oportunidade para repensar a forma como as empresas africanas abordam a governa\u00e7\u00e3o empresarial. Atrav\u00e9s do <strong>Grupo de Governa\u00e7\u00e3o Global<\/strong>, ele est\u00e1 a ajudar as organiza\u00e7\u00f5es a construir bases mais s\u00f3lidas \u2014 demonstrando que a boa governa\u00e7\u00e3o n\u00e3o \u00e9 exclusividade das empresas multinacionais, mas \u00e9 essencial para empresas de qualquer dimens\u00e3o.<\/p>\n<h2>Repensar a governa\u00e7\u00e3o para as empresas em crescimento em \u00c1frica<\/h2>\n<p class=\"isSelectedEnd\">A governa\u00e7\u00e3o empresarial \u00e9 frequentemente associada a grandes empresas cotadas em bolsa, a quadros regulamentares complexos e a conselhos de administra\u00e7\u00e3o numerosos. Para muitas pequenas e m\u00e9dias empresas (PME), pode parecer algo distante, dispendioso ou desnecess\u00e1rio.<\/p>\n<p class=\"isSelectedEnd\">Ntini contesta essa perce\u00e7\u00e3o.<\/p>\n<p class=\"isSelectedEnd\">Ele considera que a governa\u00e7\u00e3o deve ser pr\u00e1tica, acess\u00edvel e concebida para apoiar os empreendedores \u00e0 medida que estes crescem, em vez de se tornar uma preocupa\u00e7\u00e3o apenas depois de as empresas atingirem a maturidade.<\/p>\n<p class=\"isSelectedEnd\">Ao transformar os princ\u00edpios de governa\u00e7\u00e3o em ferramentas pr\u00e1ticas de gest\u00e3o, ele ajuda as organiza\u00e7\u00f5es a melhorar a tomada de decis\u00f5es, a gerir o risco, a refor\u00e7ar a responsabiliza\u00e7\u00e3o e a posicionarem-se para um crescimento a longo prazo.<\/p>\n<p class=\"isSelectedEnd\">Esta abordagem reflete as necessidades em constante evolu\u00e7\u00e3o das empresas africanas que operam em mercados cada vez mais competitivos e interligados.<\/p>\n<h2>A cria\u00e7\u00e3o do Grupo de Governa\u00e7\u00e3o Global<\/h2>\n<p class=\"isSelectedEnd\">Na qualidade de fundador e diretor executivo da <strong>Grupo de Governa\u00e7\u00e3o Global<\/strong>, Dumisani Ntini criou uma empresa de consultoria dedicada a ajudar as empresas a integrar uma lideran\u00e7a \u00e9tica, sistemas de gest\u00e3o eficazes e estruturas de governa\u00e7\u00e3o sustent\u00e1veis.<\/p>\n<p class=\"isSelectedEnd\">Em vez de oferecer solu\u00e7\u00f5es gen\u00e9ricas, a empresa adapta os quadros de governa\u00e7\u00e3o \u00e0s realidades das empresas que operam nos mercados emergentes africanos.<\/p>\n<p class=\"isSelectedEnd\">O seu trabalho abrange servi\u00e7os de consultoria estrat\u00e9gica, implementa\u00e7\u00e3o de governan\u00e7a e desenvolvimento de quadros de dire\u00e7\u00e3o, ajudando as organiza\u00e7\u00f5es a cumprir as expectativas regulamentares e, ao mesmo tempo, a refor\u00e7ar os sistemas internos que apoiam o crescimento sustent\u00e1vel.<\/p>\n<p class=\"isSelectedEnd\">Para os empreendedores que procuram oportunidades de investimento ou expans\u00e3o, estes princ\u00edpios de governa\u00e7\u00e3o podem melhorar a resili\u00eancia operacional e aumentar a confian\u00e7a dos investidores.<\/p>\n<h2>Acelerar o crescimento atrav\u00e9s da Funda\u00e7\u00e3o Tony Elumelu<\/h2>\n<p class=\"isSelectedEnd\">Em <strong>2021<\/strong>, Dumisani Ntini juntou-se ao<a href=\"https:\/\/www.tonyelumelufoundation.org\/pt\/programa-de-empreendedorismo-tef\/\"> <strong>Programa de Empreendedorismo da Funda\u00e7\u00e3o Tony Elumelu<\/strong><\/a>, passando a fazer parte da rede pan-africana de empreendedores da Funda\u00e7\u00e3o.<\/p>\n<p class=\"isSelectedEnd\">Atrav\u00e9s do programa, recebeu <strong>US$5 000 em capital inicial<\/strong>, a par de forma\u00e7\u00e3o empresarial, orienta\u00e7\u00e3o e acesso a um ecossistema empreendedor que abrange os 54 pa\u00edses africanos.<\/p>\n<p class=\"isSelectedEnd\">Essa experi\u00eancia refor\u00e7ou a sua vis\u00e3o de tornar a governa\u00e7\u00e3o empresarial mais acess\u00edvel \u00e0s empresas de todo o continente.<\/p>\n<p class=\"isSelectedEnd\">Para al\u00e9m do apoio financeiro, a participa\u00e7\u00e3o no programa ampliou as oportunidades de colabora\u00e7\u00e3o, refor\u00e7ou a sua rede regional e deu um novo impulso \u00e0 amplia\u00e7\u00e3o do impacto do Global Governance Group.<\/p>\n<p class=\"isSelectedEnd\">O apoio da Funda\u00e7\u00e3o complementou a miss\u00e3o da Ntini de dotar as empresas africanas dos sistemas de governa\u00e7\u00e3o necess\u00e1rios para crescerem de forma sustent\u00e1vel e competirem a n\u00edvel global.<\/p>\n<h2>Construir institui\u00e7\u00f5es mais fortes atrav\u00e9s do conhecimento<\/h2>\n<p class=\"isSelectedEnd\">Reconhecendo que a governa\u00e7\u00e3o \u00e9 mais eficaz quando \u00e9 compreendida do que quando \u00e9 imposta, Ntini tem investido fortemente na educa\u00e7\u00e3o empresarial e no envolvimento do p\u00fablico.<\/p>\n<p class=\"isSelectedEnd\">Sob a sua lideran\u00e7a, o Grupo de Governa\u00e7\u00e3o Global lan\u00e7ou o <strong>#Workshops sobre Boa Governa\u00e7\u00e3o<\/strong>, reunindo executivos, membros do conselho de administra\u00e7\u00e3o e empres\u00e1rios para explorar abordagens pr\u00e1ticas em mat\u00e9ria de governa\u00e7\u00e3o, lideran\u00e7a e sustentabilidade organizacional.<\/p>\n<p class=\"isSelectedEnd\">Estes workshops incentivam as empresas a encarar a governa\u00e7\u00e3o n\u00e3o apenas como um exerc\u00edcio de conformidade, mas como um ativo estrat\u00e9gico que refor\u00e7a a resili\u00eancia, melhora a transpar\u00eancia e contribui para uma melhor tomada de decis\u00f5es.<\/p>\n<p class=\"isSelectedEnd\">Ao tornar o conhecimento sobre governa\u00e7\u00e3o mais acess\u00edvel, a empresa est\u00e1 a contribuir para o desenvolvimento de institui\u00e7\u00f5es empresariais mais s\u00f3lidas em todo o Botsuana e al\u00e9m-fronteiras.<\/p>\n<h2>Moldar o debate sobre a governa\u00e7\u00e3o empresarial<\/h2>\n<p class=\"isSelectedEnd\">A influ\u00eancia de Dumisani Ntini vai al\u00e9m da consultoria.<\/p>\n<p class=\"isSelectedEnd\">\u00c9 uma figura de refer\u00eancia na comunidade empresarial do Botswana, contribuindo regularmente com reflex\u00f5es sobre a governa\u00e7\u00e3o empresarial atrav\u00e9s de participa\u00e7\u00f5es em <strong>Televis\u00e3o do Botsuana (BTV)<\/strong> e o seu <strong># - Espa\u00e7o de Governa\u00e7\u00e3o Empresarial<\/strong> artigo publicado em <em>Botswana Business Weekly<\/em>.<\/p>\n<p class=\"isSelectedEnd\">Atrav\u00e9s destas plataformas, continua a defender a boa governa\u00e7\u00e3o como um catalisador do sucesso empresarial, da capacidade de atrair investimento e do desenvolvimento econ\u00f3mico sustent\u00e1vel.<\/p>\n<p class=\"isSelectedEnd\">O seu trabalho contribui para um debate mais alargado sobre o papel que a governa\u00e7\u00e3o desempenha no fortalecimento do setor privado africano e na cria\u00e7\u00e3o de empresas capazes de gerar valor a longo prazo.<\/p>\n<p class=\"isSelectedEnd\">Dumisani Ntini acredita que a competitividade futura do continente depende n\u00e3o s\u00f3 da ambi\u00e7\u00e3o empreendedora, mas tamb\u00e9m da solidez das institui\u00e7\u00f5es que os empreendedores criam.<\/p>\n<p class=\"isSelectedEnd\">Atrav\u00e9s do Global Governance Group, est\u00e1 a trabalhar para garantir que a governa\u00e7\u00e3o se torne parte integrante do crescimento empresarial, em vez de ser uma preocupa\u00e7\u00e3o secund\u00e1ria.<\/p>\n<p>Para os empreendedores que pretendem construir organiza\u00e7\u00f5es duradouras, a governa\u00e7\u00e3o n\u00e3o se resume apenas \u00e0 gest\u00e3o do risco; trata-se, antes, de criar as condi\u00e7\u00f5es para um sucesso duradouro.<\/p>","protected":false},"excerpt":{"rendered":"<p>Para o empres\u00e1rio do Botsuana, Dumisani Ntini, este desafio tornou-se uma oportunidade para repensar a forma como as empresas africanas abordam a governa\u00e7\u00e3o empresarial. Atrav\u00e9s do Global Governance Group, est\u00e1 a ajudar as organiza\u00e7\u00f5es a construir bases mais s\u00f3lidas \u2014 demonstrando que a boa governa\u00e7\u00e3o n\u00e3o \u00e9 exclusividade das multinacionais, mas \u00e9 essencial para empresas de qualquer dimens\u00e3o. Repensar a governa\u00e7\u00e3o para as empresas em crescimento em \u00c1frica Governa\u00e7\u00e3o empresarial \u2026<\/p>","protected":false},"author":30,"featured_media":28939,"comment_status":"closed","ping_status":"closed","sticky":false,"template":"","format":"standard","meta":{"_exactmetrics_skip_tracking":false,"cybocfi_hide_featured_image":"","footnotes":""},"categories":[365,18],"tags":[566,67,126],"class_list":["post-28935","post","type-post","status-publish","format-standard","has-post-thumbnail","hentry","category-south-african-alumni","category-news","tag-empoweredbytef","tag-african-entrepreneurs","tag-tef-alumni"],"_links":{"self":[{"href":"https:\/\/www.tonyelumelufoundation.org\/pt\/wp-json\/wp\/v2\/posts\/28935","targetHints":{"allow":["GET"]}}],"collection":[{"href":"https:\/\/www.tonyelumelufoundation.org\/pt\/wp-json\/wp\/v2\/posts"}],"about":[{"href":"https:\/\/www.tonyelumelufoundation.org\/pt\/wp-json\/wp\/v2\/types\/post"}],"author":[{"embeddable":true,"href":"https:\/\/www.tonyelumelufoundation.org\/pt\/wp-json\/wp\/v2\/users\/30"}],"replies":[{"embeddable":true,"href":"https:\/\/www.tonyelumelufoundation.org\/pt\/wp-json\/wp\/v2\/comments?post=28935"}],"version-history":[{"count":3,"href":"https:\/\/www.tonyelumelufoundation.org\/pt\/wp-json\/wp\/v2\/posts\/28935\/revisions"}],"predecessor-version":[{"id":28940,"href":"https:\/\/www.tonyelumelufoundation.org\/pt\/wp-json\/wp\/v2\/posts\/28935\/revisions\/28940"}],"wp:featuredmedia":[{"embeddable":true,"href":"https:\/\/www.tonyelumelufoundation.org\/pt\/wp-json\/wp\/v2\/media\/28939"}],"wp:attachment":[{"href":"https:\/\/www.tonyelumelufoundation.org\/pt\/wp-json\/wp\/v2\/media?parent=28935"}],"wp:term":[{"taxonomy":"category","embeddable":true,"href":"https:\/\/www.tonyelumelufoundation.org\/pt\/wp-json\/wp\/v2\/categories?post=28935"},{"taxonomy":"post_tag","embeddable":true,"href":"https:\/\/www.tonyelumelufoundation.org\/pt\/wp-json\/wp\/v2\/tags?post=28935"}],"curies":[{"name":"wp","href":"https:\/\/api.w.org\/{rel}","templated":true}]}}