{"id":3510,"date":"2016-12-16T11:26:30","date_gmt":"2016-12-16T11:26:30","guid":{"rendered":"http:\/\/www.tonyelumelufoundation.org\/?p=3510"},"modified":"2021-04-26T16:31:34","modified_gmt":"2021-04-26T15:31:34","slug":"a-nossa-empresaria-chioma-ukonu-revela-os-tikes-verdes-electricos","status":"publish","type":"post","link":"https:\/\/www.tonyelumelufoundation.org\/pt\/west-africa\/our-entrepreneur-chioma-ukonu-unveils-the-electric-green-tikes","title":{"rendered":"Nosso empreendedor, Chioma Ukonu, revela os Electric Green Tikes"},"content":{"rendered":"<p>Como diz o nosso fundador, Tony O. Elumelu, CON, \u201cOs jovens empres\u00e1rios e aqueles que eles inspiram s\u00e3o a for\u00e7a vital da ascens\u00e3o de \u00c1frica\u201d. Esta cita\u00e7\u00e3o \u00e9 uma das nossas for\u00e7as motrizes na Funda\u00e7\u00e3o Tony Elumelu, uma vez que desejamos vivamente ver \u00c1frica crescer. \u00c9 sempre um enorme prazer testemunhar em primeira m\u00e3o os nossos empres\u00e1rios a atingirem os seus marcos, e hoje n\u00e3o foi exce\u00e7\u00e3o!<\/p>\n<p>O nosso diretor de opera\u00e7\u00f5es, Abimbola Adebakin, esteve com o empres\u00e1rio Tony Elumelu, Chioma Ukonu, cofundador da <a href=\"http:\/\/www.recyclepoints.com\/\" target=\"_blank\" rel=\"noopener\">Pontos de reciclagem<\/a> quando revelaram a Electric Green Tikes, uma bicicleta movida a eletricidade que recolhe os res\u00edduos recicl\u00e1veis dos clientes. Imediatamente antes do in\u00edcio da apresenta\u00e7\u00e3o, encontr\u00e1mos Yinka Fisher, um programa<\/p>\n<p>Mentor e diretor estatal da Ag\u00eancia de Desenvolvimento de Pequenas e M\u00e9dias Empresas da Nig\u00e9ria (SMEDAM). Chioma, juntamente com outros empres\u00e1rios Tony Elumelu no sector da gest\u00e3o de res\u00edduos, criou um grupo virtual onde partilharam ideias e acabaram por organizar uma aula magistral que foi facilitada pelo Sr. Fisher, que tamb\u00e9m orientou e guiou o grupo sobre como atingir os seus objectivos.<\/p>\n<p>A apresenta\u00e7\u00e3o come\u00e7ou bem com Chioma a falar apaixonadamente sobre a miss\u00e3o da Recycle Points na Nig\u00e9ria e a sua vis\u00e3o para \u00c1frica. Nas suas palavras, \u2019A Funda\u00e7\u00e3o Tony Elumelu fortaleceu o nosso compromisso de colocar sorrisos nos rostos dos cidad\u00e3os ambientalmente respons\u00e1veis, criando valor a partir dos seus res\u00edduos di\u00e1rios\u201c.\u201d<\/p>\n<p>Abimbola Adebakin inspirou ainda mais todos os presentes, partilhando o fogo da Funda\u00e7\u00e3o e o grande interesse do Fundador em ver todos os empres\u00e1rios terem sucesso.<\/p>\n<p>Depois de cortar a fita e revelar os Green Tikes el\u00e9ctricos, a pr\u00f3pria COO andou na bicicleta el\u00e9ctrica<\/p>\n<p>Um jovem estava presente no evento e foi facilmente identificado ao captar os momentos da inaugura\u00e7\u00e3o. Depois de o conhecermos, descobrimos que ele \u00e9, de facto, um empres\u00e1rio Tony Elumelu e que tinha estabelecido contactos com Chioma durante o F\u00f3rum TEF. Apresentou-se como Saheed Osin, um empres\u00e1rio Tony Eumelu e diretor executivo da Marawe Solutions Nigeria Limited<\/p>\n<p>Foi de facto gratificante ver os nossos empres\u00e1rios a trabalhar em rede e a apoiarem-se uns aos outros! Mais tarde, descobrimos que mais empres\u00e1rios estavam a caminho do evento. O tempo estava a passar mais depressa do que quer\u00edamos. T\u00ednhamos de partir para apanhar um voo para o Gana, onde plane\u00e1vamos entregar o Pr\u00e9mio Tony e Awele Elumelu a estudantes excepcionais da Universidade do Gana.<\/p>\n<p>Fic\u00e1mos com a certeza de que o programa de forma\u00e7\u00e3o de 12 semanas e todo o ciclo do Programa continuam a produzir bons resultados entre os Empres\u00e1rios Tony Elumelu.<\/p>","protected":false},"excerpt":{"rendered":"<p>Como diz o nosso Fundador, Tony O. Elumelu, CON: \u201cOs jovens empreendedores e aqueles que eles inspiram s\u00e3o a for\u00e7a vital da ascens\u00e3o de \u00c1frica\u201d. Esta cita\u00e7\u00e3o \u00e9 uma das nossas for\u00e7as motrizes na Funda\u00e7\u00e3o Tony Elumelu, pois desejamos fortemente ver a ascens\u00e3o de \u00c1frica. \u00c9 sempre um enorme prazer testemunhar nossos empreendedores alcan\u00e7ando seus marcos em primeira m\u00e3o e\u2026<\/p>","protected":false},"author":21,"featured_media":0,"comment_status":"closed","ping_status":"closed","sticky":false,"template":"","format":"standard","meta":{"_exactmetrics_skip_tracking":false,"_exactmetrics_sitenote_active":false,"_exactmetrics_sitenote_note":"","_exactmetrics_sitenote_category":0,"cybocfi_hide_featured_image":"","footnotes":""},"categories":[55,366],"tags":[],"class_list":["post-3510","post","type-post","status-publish","format-standard","hentry","category-west-africa","category-west-african-alumni"],"_links":{"self":[{"href":"https:\/\/www.tonyelumelufoundation.org\/pt\/wp-json\/wp\/v2\/posts\/3510","targetHints":{"allow":["GET"]}}],"collection":[{"href":"https:\/\/www.tonyelumelufoundation.org\/pt\/wp-json\/wp\/v2\/posts"}],"about":[{"href":"https:\/\/www.tonyelumelufoundation.org\/pt\/wp-json\/wp\/v2\/types\/post"}],"author":[{"embeddable":true,"href":"https:\/\/www.tonyelumelufoundation.org\/pt\/wp-json\/wp\/v2\/users\/21"}],"replies":[{"embeddable":true,"href":"https:\/\/www.tonyelumelufoundation.org\/pt\/wp-json\/wp\/v2\/comments?post=3510"}],"version-history":[{"count":0,"href":"https:\/\/www.tonyelumelufoundation.org\/pt\/wp-json\/wp\/v2\/posts\/3510\/revisions"}],"wp:attachment":[{"href":"https:\/\/www.tonyelumelufoundation.org\/pt\/wp-json\/wp\/v2\/media?parent=3510"}],"wp:term":[{"taxonomy":"category","embeddable":true,"href":"https:\/\/www.tonyelumelufoundation.org\/pt\/wp-json\/wp\/v2\/categories?post=3510"},{"taxonomy":"post_tag","embeddable":true,"href":"https:\/\/www.tonyelumelufoundation.org\/pt\/wp-json\/wp\/v2\/tags?post=3510"}],"curies":[{"name":"wp","href":"https:\/\/api.w.org\/{rel}","templated":true}]}}