{"id":3912,"date":"2017-08-01T10:51:51","date_gmt":"2017-08-01T10:51:51","guid":{"rendered":"http:\/\/www.tonyelumelufoundation.org\/?p=3912"},"modified":"2021-07-05T16:15:09","modified_gmt":"2021-07-05T15:15:09","slug":"lucas-m","status":"publish","type":"post","link":"https:\/\/www.tonyelumelufoundation.org\/pt\/the-tef-circle\/tefconnect\/lukas-n","title":{"rendered":"Lucas, N."},"content":{"rendered":"<p>A Funda\u00e7\u00e3o Tony Elumelu n\u00e3o s\u00f3 ajudou a financiar a minha ideia de neg\u00f3cio, como a sua forma\u00e7\u00e3o tamb\u00e9m ajudou a implementar a minha ideia com mais sucesso. Seu treinamento e workshop alimentaram minha ambi\u00e7\u00e3o e me equiparam o suficiente para dar andamento ao meu projeto. Especificamente, a funda\u00e7\u00e3o fortalece minhas habilidades de gerenciamento de projetos, incluindo habilidades de gest\u00e3o financeira que s\u00e3o essenciais para qualquer empreendedor. Tamb\u00e9m pude participar em confer\u00eancias na Nig\u00e9ria (Lagos), onde conheci alguns colegas empres\u00e1rios africanos e aprendi muito sobre neg\u00f3cios.<\/p>","protected":false},"excerpt":{"rendered":"<p>A Funda\u00e7\u00e3o Tony Elumelu n\u00e3o s\u00f3 ajudou a financiar a minha ideia de neg\u00f3cio, como a sua forma\u00e7\u00e3o tamb\u00e9m ajudou a implementar a minha ideia com mais sucesso. Seu treinamento e workshop alimentaram minha ambi\u00e7\u00e3o e me equiparam o suficiente para dar andamento ao meu projeto. Especificamente, a funda\u00e7\u00e3o fortalece minhas habilidades de gerenciamento de projetos, incluindo habilidades de gerenciamento financeiro que s\u00e3o imperativas...<\/p>","protected":false},"author":21,"featured_media":0,"comment_status":"closed","ping_status":"closed","sticky":false,"template":"","format":"standard","meta":{"_exactmetrics_skip_tracking":false,"_exactmetrics_sitenote_active":false,"_exactmetrics_sitenote_note":"","_exactmetrics_sitenote_category":0,"cybocfi_hide_featured_image":"","footnotes":""},"categories":[363,338],"tags":[126,302,49],"class_list":["post-3912","post","type-post","status-publish","format-standard","hentry","category-alumni","category-tefconnect","tag-tef-alumni","tag-tefconnect","tag-tony-elumelu-foundation"],"_links":{"self":[{"href":"https:\/\/www.tonyelumelufoundation.org\/pt\/wp-json\/wp\/v2\/posts\/3912","targetHints":{"allow":["GET"]}}],"collection":[{"href":"https:\/\/www.tonyelumelufoundation.org\/pt\/wp-json\/wp\/v2\/posts"}],"about":[{"href":"https:\/\/www.tonyelumelufoundation.org\/pt\/wp-json\/wp\/v2\/types\/post"}],"author":[{"embeddable":true,"href":"https:\/\/www.tonyelumelufoundation.org\/pt\/wp-json\/wp\/v2\/users\/21"}],"replies":[{"embeddable":true,"href":"https:\/\/www.tonyelumelufoundation.org\/pt\/wp-json\/wp\/v2\/comments?post=3912"}],"version-history":[{"count":0,"href":"https:\/\/www.tonyelumelufoundation.org\/pt\/wp-json\/wp\/v2\/posts\/3912\/revisions"}],"wp:attachment":[{"href":"https:\/\/www.tonyelumelufoundation.org\/pt\/wp-json\/wp\/v2\/media?parent=3912"}],"wp:term":[{"taxonomy":"category","embeddable":true,"href":"https:\/\/www.tonyelumelufoundation.org\/pt\/wp-json\/wp\/v2\/categories?post=3912"},{"taxonomy":"post_tag","embeddable":true,"href":"https:\/\/www.tonyelumelufoundation.org\/pt\/wp-json\/wp\/v2\/tags?post=3912"}],"curies":[{"name":"wp","href":"https:\/\/api.w.org\/{rel}","templated":true}]}}