{"id":4092,"date":"2017-09-08T15:20:23","date_gmt":"2017-09-08T15:20:23","guid":{"rendered":"http:\/\/www.tonyelumelufoundation.org\/?p=4092"},"modified":"2017-09-08T15:20:23","modified_gmt":"2017-09-08T15:20:23","slug":"ceo-parminder-vir-obe-na-indo-africa","status":"publish","type":"post","link":"https:\/\/www.tonyelumelufoundation.org\/pt\/articles\/ceo-parminder-vir-obe-at-the-indo-africa","title":{"rendered":"\u00a0CEO Parminder Vir OBE na Indo-\u00c1frica\u00a0"},"content":{"rendered":"<p><img fetchpriority=\"high\" decoding=\"async\" class=\"alignnone wp-image-4093 aligncenter\" src=\"https:\/\/www.tonyelumelufoundation.org\/uploads\/2017\/09\/DSC_0755-600x399.jpg\" alt=\"\" width=\"499\" height=\"332\"><\/p>\n<p>As TI e as telecomunica\u00e7\u00f5es constituem a espinha dorsal do crescimento de qualquer pa\u00eds e \u00c1frica tem sido um dos mercados com crescimento mais r\u00e1pido a n\u00edvel mundial na adop\u00e7\u00e3o de TIC e tecnologia de comunica\u00e7\u00e3o. Em reconhecimento da rela\u00e7\u00e3o e do compromisso entre a \u00cdndia e os pa\u00edses africanos, o governo da \u00cdndia organizou a 3\u00aa edi\u00e7\u00e3o da Indo-Africa ICT Expo 2017 em conjunto com a Cimeira de TI e Telecomunica\u00e7\u00f5es em Lagos, Nig\u00e9ria.<\/p>\n<p><img decoding=\"async\" class=\"wp-image-4094 aligncenter\" src=\"https:\/\/www.tonyelumelufoundation.org\/uploads\/2017\/09\/DSC_0779-600x399.jpg\" alt=\"\" width=\"450\" height=\"299\"><\/p>\n<p>O CEO, Parminder Vir OBE, falou no evento sobre \u201cO papel da inova\u00e7\u00e3o digital e das parcerias intersectoriais para a transforma\u00e7\u00e3o econ\u00f3mica de \u00c1frica\u201d. Ela destacou como os empres\u00e1rios est\u00e3o a construir o ecossistema das TIC em \u00c1frica e como a parceria poderia ajud\u00e1-los ainda mais. Parminder tamb\u00e9m partilhou os sucessos dos empres\u00e1rios da TEF na resolu\u00e7\u00e3o de problemas em toda a \u00c1frica com a ajuda da tecnologia.<\/p>\n<p>&nbsp;<\/p>","protected":false},"excerpt":{"rendered":"<p>As TI e as telecomunica\u00e7\u00f5es constituem a espinha dorsal do crescimento de qualquer pa\u00eds e \u00c1frica tem sido um dos mercados de mais r\u00e1pido crescimento a n\u00edvel mundial na ado\u00e7\u00e3o das TIC e das tecnologias de comunica\u00e7\u00e3o. Em reconhecimento da rela\u00e7\u00e3o e do compromisso entre a \u00cdndia e os pa\u00edses africanos, o governo da \u00cdndia acolheu a 3.\u00aa edi\u00e7\u00e3o da Indo-Africa ICT Expo 2017 em ...<\/p>","protected":false},"author":21,"featured_media":4093,"comment_status":"closed","ping_status":"closed","sticky":false,"template":"","format":"standard","meta":{"_exactmetrics_skip_tracking":false,"_exactmetrics_sitenote_active":false,"_exactmetrics_sitenote_note":"","_exactmetrics_sitenote_category":0,"cybocfi_hide_featured_image":"","footnotes":""},"categories":[20],"tags":[],"class_list":["post-4092","post","type-post","status-publish","format-standard","has-post-thumbnail","hentry","category-articles"],"_links":{"self":[{"href":"https:\/\/www.tonyelumelufoundation.org\/pt\/wp-json\/wp\/v2\/posts\/4092","targetHints":{"allow":["GET"]}}],"collection":[{"href":"https:\/\/www.tonyelumelufoundation.org\/pt\/wp-json\/wp\/v2\/posts"}],"about":[{"href":"https:\/\/www.tonyelumelufoundation.org\/pt\/wp-json\/wp\/v2\/types\/post"}],"author":[{"embeddable":true,"href":"https:\/\/www.tonyelumelufoundation.org\/pt\/wp-json\/wp\/v2\/users\/21"}],"replies":[{"embeddable":true,"href":"https:\/\/www.tonyelumelufoundation.org\/pt\/wp-json\/wp\/v2\/comments?post=4092"}],"version-history":[{"count":0,"href":"https:\/\/www.tonyelumelufoundation.org\/pt\/wp-json\/wp\/v2\/posts\/4092\/revisions"}],"wp:featuredmedia":[{"embeddable":true,"href":"https:\/\/www.tonyelumelufoundation.org\/pt\/wp-json\/wp\/v2\/media\/4093"}],"wp:attachment":[{"href":"https:\/\/www.tonyelumelufoundation.org\/pt\/wp-json\/wp\/v2\/media?parent=4092"}],"wp:term":[{"taxonomy":"category","embeddable":true,"href":"https:\/\/www.tonyelumelufoundation.org\/pt\/wp-json\/wp\/v2\/categories?post=4092"},{"taxonomy":"post_tag","embeddable":true,"href":"https:\/\/www.tonyelumelufoundation.org\/pt\/wp-json\/wp\/v2\/tags?post=4092"}],"curies":[{"name":"wp","href":"https:\/\/api.w.org\/{rel}","templated":true}]}}