{"id":4191,"date":"2017-10-12T22:26:52","date_gmt":"2017-10-12T22:26:52","guid":{"rendered":"http:\/\/www.tonyelumelufoundation.org\/?p=4191"},"modified":"2017-10-12T22:26:52","modified_gmt":"2017-10-12T22:26:52","slug":"assinatura-de-faq-da-midia-do-memorando-de-entendimento-entre-tef-e-afd","status":"publish","type":"post","link":"https:\/\/www.tonyelumelufoundation.org\/pt\/articles\/media-faq-signing-of-mou-between-tef-and-afd","title":{"rendered":"FAQ M\u00cdDIA \u2013 ASSINATURA DE MOU ENTRE TEF E AFD"},"content":{"rendered":"<h3><strong><u>Sobre a Funda\u00e7\u00e3o Tony Elumelu (TEF)<\/u><\/strong><\/h3>\n<p>Fundada em 2010 pelo filantropo Tony O. Elumelu CON, a Funda\u00e7\u00e3o Tony Elumelu \u00e9 uma das principais organiza\u00e7\u00f5es filantr\u00f3picas africanas. A Funda\u00e7\u00e3o acredita que o sector privado det\u00e9m a chave para desbloquear o potencial econ\u00f3mico de \u00c1frica.<\/p>\n<p>&nbsp;<\/p>\n<h3><strong><u>Sobre o Programa de Empreendedorismo TEF<\/u><\/strong><\/h3>\n<p>O Programa de Empreendedorismo TEF \u00e9 o principal programa de empreendedorismo da TEF com o objetivo de identificar, durante um per\u00edodo de 10 anos, 10.000 startups e empreendedores africanos com ideias que tenham potencial para ter sucesso; apoiar o crescimento destas empresas atrav\u00e9s de forma\u00e7\u00e3o empresarial, mentoria, acesso a financiamento de capital inicial, informa\u00e7\u00e3o e ades\u00e3o dos seus respectivos fundadores e\/ou propriet\u00e1rios (empreendedores) \u00e0 rede de antigos alunos do TEFEP em toda a \u00c1frica e; criar empresas que possam gerar pelo menos 1.000.000 de novos empregos e contribuir com pelo menos $10 mil milh\u00f5es em novas receitas anuais em toda a \u00c1frica.<\/p>\n<p>Isto \u00e9 conseguido atrav\u00e9s da sele\u00e7\u00e3o de 1.000 empresas anualmente para participarem num programa hol\u00edstico de 12 meses.<\/p>\n<p>&nbsp;<\/p>\n<h3><strong><u>Sobre <\/u><\/strong><strong><u>Ag\u00eancia Francesa de Desenvolvimento (AFD)<\/u><\/strong><\/h3>\n<p>AFD \u00e9 um banco franc\u00eas de desenvolvimento bilateral. Faz parte do regime oficial de ajuda p\u00fablica ao desenvolvimento da Fran\u00e7a, no \u00e2mbito de uma miss\u00e3o que lhe foi confiada pelo Minist\u00e9rio franc\u00eas dos Neg\u00f3cios Estrangeiros e do Desenvolvimento Internacional, pelo Minist\u00e9rio das Finan\u00e7as e Contas P\u00fablicas franc\u00eas e pelo Minist\u00e9rio franc\u00eas dos Territ\u00f3rios Ultramarinos Franceses. A sua miss\u00e3o contribui para os Objetivos de Desenvolvimento Sustent\u00e1vel (ODS).<\/p>\n<p>Financia projetos em diversos setores da economia, bem como projetos de sa\u00fade, educa\u00e7\u00e3o e ambientais, utilizando v\u00e1rios m\u00e9todos (subs\u00eddios, empr\u00e9stimos, garantias, etc.). Estes projectos visam introduzir melhorias sustent\u00e1veis nas condi\u00e7\u00f5es de vida das pessoas nestes pa\u00edses. A AFD financia governos, empresas p\u00fablicas e privadas, setor financeiro, autoridades locais e associa\u00e7\u00f5es.<\/p>\n<p>&nbsp;<\/p>\n<h3><strong><u>Detalhes do Memorando de Entendimento:<\/u><\/strong><\/h3>\n<ol>\n<li>Ambas as partes concordam em unir esfor\u00e7os para multiplicar os impactos das suas opera\u00e7\u00f5es\/programas em favor do \u201cEmpreendedorismo Juvenil em \u00c1frica\u201d.<\/li>\n<li>Ambas as partes envidar\u00e3o os seus melhores esfor\u00e7os para cooperar em projectos implementados em \u00c1frica ou em benef\u00edcio de \u00c1frica, para os quais as suas compet\u00eancias, iniciativas e conhecimentos s\u00e3o complementares.<\/li>\n<li>Ambas as partes preparar-se-\u00e3o em conjunto e celebrar\u00e3o, nos pr\u00f3ximos meses, uma Parceria, formalizada por um Acordo de Parceria, dedicada \u00e0 promo\u00e7\u00e3o do \u201cEmpreendedorismo Juvenil em \u00c1frica\u201d.<\/li>\n<li>O conte\u00fado desta parceria abrange o seguinte:<\/li>\n<\/ol>\n<ul>\n<li>Quadro de garantia de partilha de riscos fornecido pela AFD aos bancos comerciais em \u00c1frica para os seus empr\u00e9stimos \u00e0s PME e aos jovens empres\u00e1rios capacitados pelo Programa de Empreendedorismo do TEF;<\/li>\n<li>Publicidade interna da AFD aos seus gestores do Programa de Mentoria de Parceiros para estimular volunt\u00e1rios individuais a se tornarem mentores;<\/li>\n<li>Estudos de investiga\u00e7\u00e3o conjuntos e publica\u00e7\u00f5es em revistas n\u00e3o especializadas e\/ou cient\u00edficas na \u00e1rea do empreendedorismo jovem em \u00c1frica, com foco nos setores Digital e Agr\u00edcola.<\/li>\n<\/ul>\n<p><strong>\u00a0<\/strong><\/p>\n<p><strong>\u00a0<\/strong><\/p>","protected":false},"excerpt":{"rendered":"<p>Sobre a Funda\u00e7\u00e3o Tony Elumelu (TEF) Fundada em 2010 pelo filantropo Tony O. Elumelu CON, a Funda\u00e7\u00e3o Tony Elumelu \u00e9 uma das principais organiza\u00e7\u00f5es filantr\u00f3picas africanas. A Funda\u00e7\u00e3o acredita que o sector privado det\u00e9m a chave para desbloquear o potencial econ\u00f3mico de \u00c1frica.   Sobre o Programa de Empreendedorismo TEF O Programa de Empreendedorismo TEF \u00e9 o principal programa de empreendedorismo ...<\/p>","protected":false},"author":21,"featured_media":0,"comment_status":"closed","ping_status":"closed","sticky":false,"template":"","format":"standard","meta":{"_exactmetrics_skip_tracking":false,"_exactmetrics_sitenote_active":false,"_exactmetrics_sitenote_note":"","_exactmetrics_sitenote_category":0,"cybocfi_hide_featured_image":"","footnotes":""},"categories":[20],"tags":[],"class_list":["post-4191","post","type-post","status-publish","format-standard","hentry","category-articles"],"_links":{"self":[{"href":"https:\/\/www.tonyelumelufoundation.org\/pt\/wp-json\/wp\/v2\/posts\/4191","targetHints":{"allow":["GET"]}}],"collection":[{"href":"https:\/\/www.tonyelumelufoundation.org\/pt\/wp-json\/wp\/v2\/posts"}],"about":[{"href":"https:\/\/www.tonyelumelufoundation.org\/pt\/wp-json\/wp\/v2\/types\/post"}],"author":[{"embeddable":true,"href":"https:\/\/www.tonyelumelufoundation.org\/pt\/wp-json\/wp\/v2\/users\/21"}],"replies":[{"embeddable":true,"href":"https:\/\/www.tonyelumelufoundation.org\/pt\/wp-json\/wp\/v2\/comments?post=4191"}],"version-history":[{"count":0,"href":"https:\/\/www.tonyelumelufoundation.org\/pt\/wp-json\/wp\/v2\/posts\/4191\/revisions"}],"wp:attachment":[{"href":"https:\/\/www.tonyelumelufoundation.org\/pt\/wp-json\/wp\/v2\/media?parent=4191"}],"wp:term":[{"taxonomy":"category","embeddable":true,"href":"https:\/\/www.tonyelumelufoundation.org\/pt\/wp-json\/wp\/v2\/categories?post=4191"},{"taxonomy":"post_tag","embeddable":true,"href":"https:\/\/www.tonyelumelufoundation.org\/pt\/wp-json\/wp\/v2\/tags?post=4191"}],"curies":[{"name":"wp","href":"https:\/\/api.w.org\/{rel}","templated":true}]}}