{"id":5671,"date":"2018-03-09T12:25:46","date_gmt":"2018-03-09T12:25:46","guid":{"rendered":"http:\/\/www.tonyelumelufoundation.org\/?p=4932"},"modified":"2021-04-26T16:26:54","modified_gmt":"2021-04-26T15:26:54","slug":"valerio-esta-a-impulsionar-a-mudanca-social-e-a-equipar-os-criadores-de-emprego-na-guine-equatorial","status":"publish","type":"post","link":"https:\/\/www.tonyelumelufoundation.org\/pt\/west-africa\/valerio-is-driving-social-change-and-equipping-job-creators-in-equatorial-guinea","title":{"rendered":"Valerio est\u00e1 impulsionando mudan\u00e7as sociais e capacitando criadores de empregos na Guin\u00e9 Equatorial"},"content":{"rendered":"<p>A Guin\u00e9 Equatorial registou um crescimento econ\u00f3mico muito r\u00e1pido ap\u00f3s a descoberta de hidrocarbonetos na d\u00e9cada de 1990. No entanto, desde 2014, a queda prolongada dos pre\u00e7os globais do petr\u00f3leo, combinada com o decl\u00ednio da produ\u00e7\u00e3o do pa\u00eds, os grandes excedentes or\u00e7amentais que financiaram importantes programas de investimento que continuam at\u00e9 hoje t\u00eam vindo a diminuir. O PIB continuou a diminuir em 2016 e 2017 e as previs\u00f5es para 2018 continuam desfavor\u00e1veis. Espera-se que o decl\u00ednio estabilize a partir de 2019. As autoridades dependem da estabiliza\u00e7\u00e3o das finan\u00e7as p\u00fablicas, da diversifica\u00e7\u00e3o econ\u00f3mica e do empreendedorismo para criar novas fontes de crescimento.<\/p>\n<p>Com isto, o empreendedorismo est\u00e1 a come\u00e7ar a crescer no pa\u00eds da \u00c1frica Central e as reformas para apoiar o estabelecimento de uma classe local de empres\u00e1rios como o empres\u00e1rio Tony Elumelu, Valerio Thompson Boco, est\u00e3o a tomar medidas atrav\u00e9s de inova\u00e7\u00f5es valiosas necess\u00e1rias para relan\u00e7ar a economia.<\/p>\n<p>Antes de come\u00e7ar no mundo dos neg\u00f3cios, Valerio treinava adolescentes gratuitamente em reda\u00e7\u00e3o criativa, atua\u00e7\u00e3o e desenvolvimento de talentos em seu bairro de Malabo, todos os finais de semana. Com o passar dos anos, diz que a paix\u00e3o pela forma\u00e7\u00e3o se desenvolveu ainda mais, levando-o a fundar o CPEVS Training Institute, uma startup educacional e empresa social com cursos de Cinematografia, Fotografia, M\u00fasica, Moda e design, Gest\u00e3o de Marca, Empreendedorismo, L\u00ednguas e Lideran\u00e7a C\u00edvica.<\/p>\n<p>O Instituto de Forma\u00e7\u00e3o CPEVS tem como foco formar, impactar e capacitar estudantes e egressos para que possam trabalhar por conta pr\u00f3pria ap\u00f3s a formatura, al\u00e9m de auxili\u00e1-los a se tornarem profissionais qualificados na \u00e1rea de atua\u00e7\u00e3o e tamb\u00e9m a se tornarem grandes atores na melhoria da regi\u00e3o Equatorial. A economia da Guin\u00e9.<\/p>\n<p>Com a vis\u00e3o de aumentar o n\u00famero de jovens independentes e de profissionais qualificados com grande conhecimento da \u00e1rea escolhida e de se tornar o melhor instituto de forma\u00e7\u00e3o profissional da Guin\u00e9 Equatorial na \u00c1frica Central nos pr\u00f3ximos 5 anos, Valerio e a sua equipa no CPEVS est\u00e3o a contribuir significativamente para a cria\u00e7\u00e3o de empregos e impactar a sociedade atrav\u00e9s da cria\u00e7\u00e3o de atividades eficazes de responsabilidade corporativa e social.<\/p>\n<p>Em 2017, Valerio se inscreveu no programa TEF e isso, segundo ele, marcou uma nova jornada em sua busca empreendedora \u201cVer meu nome na lista de empreendedores selecionados para o TEF empreendedores 2017 transformou minha vida e minha hist\u00f3ria, pois h\u00e1 muito tempo tive a ideia de estabelecer o meu instituto de forma\u00e7\u00e3o educacional, mas faltava-me a forma\u00e7\u00e3o, a orienta\u00e7\u00e3o e o financiamento necess\u00e1rios. Mas fazer parte do programa me abriu muitas oportunidades\u201d<\/p>\n<p>Hoje, o departamento de produ\u00e7\u00e3o cinematogr\u00e1fica do CPEVS Training Institute est\u00e1 executando um projeto de s\u00e9rie de document\u00e1rios pan-africanos intitulado TUNAWEZA, que se concentra na hist\u00f3ria da menina africana. Este projecto servir\u00e1 tamb\u00e9m como ferramenta para gerar mais receitas para o neg\u00f3cio para al\u00e9m das actividades de forma\u00e7\u00e3o remuneradas, uma vez que ser\u00e1 estreado em Lagos, Accra e Malabo. O trabalho de Valerio em empreendedorismo empresarial e social tamb\u00e9m foi significativamente reconhecido quando ele se tornou ex-aluno da Mandela Washington Fellowship, Africa Change Makers Fellowship e premiado como Associado Internacional em Lideran\u00e7a C\u00edvica pelo Wagner College em Nova York.<\/p>\n<p>Com 7 funcion\u00e1rios\/formadores, 2 assistentes e 5 estagi\u00e1rios que est\u00e3o atualmente trabalhando na s\u00e9rie documental, o CPEVS est\u00e1 atualmente em um estado progressivo com atividades de aumento de receitas e tamb\u00e9m acordos\/discuss\u00f5es de parceria com diversas organiza\u00e7\u00f5es. Valerio tamb\u00e9m est\u00e1 atualmente em Lagos, Nig\u00e9ria, trabalhando na estreia do projeto da s\u00e9rie documental em Lagos, Accra e Guin\u00e9 Equatorial.<\/p>\n<p>Valerio planejou expandir o projeto de s\u00e9rie documental administrado pelo departamento de Cinematografia, Fotografia e Cosmetologia do CPEVS e tamb\u00e9m concluiu os trabalhos de parceria com um instituto de forma\u00e7\u00e3o de ex-alunos do TEF para incorporar mais cursos que ajudar\u00e3o a expandir a capacidade de seu neg\u00f3cios, al\u00e9m de estabelecer uma nova filial na regi\u00e3o continental da Guin\u00e9 Equatorial, que faz fronteira com Camar\u00f5es e Gab\u00e3o.<\/p>\n<p>Valerio e sua equipe podem ser contatados por e-mail; gceinitiative@gmail.com e cpvshq@gmail.com<\/p>","protected":false},"excerpt":{"rendered":"<p>A Guin\u00e9 Equatorial registou um crescimento econ\u00f3mico muito r\u00e1pido ap\u00f3s a descoberta de hidrocarbonetos na d\u00e9cada de 1990. No entanto, desde 2014, a queda prolongada dos pre\u00e7os globais do petr\u00f3leo, combinada com o decl\u00ednio da produ\u00e7\u00e3o do pa\u00eds, os grandes excedentes or\u00e7amentais que financiaram importantes programas de investimento que continuam at\u00e9 hoje t\u00eam vindo a diminuir. O PIB continuou a diminuir em 2016 e\u2026<\/p>","protected":false},"author":21,"featured_media":4933,"comment_status":"closed","ping_status":"closed","sticky":false,"template":"","format":"standard","meta":{"_exactmetrics_skip_tracking":false,"_exactmetrics_sitenote_active":false,"_exactmetrics_sitenote_note":"","_exactmetrics_sitenote_category":0,"cybocfi_hide_featured_image":"","footnotes":""},"categories":[55,366],"tags":[],"class_list":["post-5671","post","type-post","status-publish","format-standard","has-post-thumbnail","hentry","category-west-africa","category-west-african-alumni"],"_links":{"self":[{"href":"https:\/\/www.tonyelumelufoundation.org\/pt\/wp-json\/wp\/v2\/posts\/5671","targetHints":{"allow":["GET"]}}],"collection":[{"href":"https:\/\/www.tonyelumelufoundation.org\/pt\/wp-json\/wp\/v2\/posts"}],"about":[{"href":"https:\/\/www.tonyelumelufoundation.org\/pt\/wp-json\/wp\/v2\/types\/post"}],"author":[{"embeddable":true,"href":"https:\/\/www.tonyelumelufoundation.org\/pt\/wp-json\/wp\/v2\/users\/21"}],"replies":[{"embeddable":true,"href":"https:\/\/www.tonyelumelufoundation.org\/pt\/wp-json\/wp\/v2\/comments?post=5671"}],"version-history":[{"count":0,"href":"https:\/\/www.tonyelumelufoundation.org\/pt\/wp-json\/wp\/v2\/posts\/5671\/revisions"}],"wp:featuredmedia":[{"embeddable":true,"href":"https:\/\/www.tonyelumelufoundation.org\/pt\/wp-json\/wp\/v2\/media\/4933"}],"wp:attachment":[{"href":"https:\/\/www.tonyelumelufoundation.org\/pt\/wp-json\/wp\/v2\/media?parent=5671"}],"wp:term":[{"taxonomy":"category","embeddable":true,"href":"https:\/\/www.tonyelumelufoundation.org\/pt\/wp-json\/wp\/v2\/categories?post=5671"},{"taxonomy":"post_tag","embeddable":true,"href":"https:\/\/www.tonyelumelufoundation.org\/pt\/wp-json\/wp\/v2\/tags?post=5671"}],"curies":[{"name":"wp","href":"https:\/\/api.w.org\/{rel}","templated":true}]}}