{"id":609,"date":"2013-01-09T12:14:07","date_gmt":"2013-01-09T12:14:07","guid":{"rendered":"http:\/\/www.tonyelumelufoundation.org\/?post_type=pressrelease&#038;p=609"},"modified":"2018-11-16T13:13:04","modified_gmt":"2018-11-16T13:13:04","slug":"olhando-a-revisao-do-ano-de-fundacao-de-tony-elumelu-em-2013","status":"publish","type":"post","link":"https:\/\/www.tonyelumelufoundation.org\/pt\/news\/looking-2013-tony-elumelu-foundation-year-review","title":{"rendered":"Olhando para 2013: Revis\u00e3o anual da Funda\u00e7\u00e3o Tony Elumelu"},"content":{"rendered":"<p>2012 foi um ano de enorme crescimento para a <a href=\"https:\/\/www.tonyelumelufoundation.org\/pt\/\" target=\"_blank\">Funda\u00e7\u00e3o Tony Elumelu<\/a>. Ao longo do ano, expandimos o nosso alcance pan-africano com\u00a0<a title=\"O nosso trabalho\" href=\"https:\/\/www.tonyelumelufoundation.org\/pt\/sobre-nos\/\" target=\"_blank\">programas<\/a> que est\u00e3o a ter um impacto positivo no desenvolvimento do panorama socioecon\u00f3mico africano, desde ajudar os agricultores a aumentar os seus rendimentos atrav\u00e9s do fornecimento de novas variedades de sementes, a apoiar empres\u00e1rios que lideram empresas de r\u00e1pido crescimento e a trabalhar com os governos nacionais para formular pol\u00edticas que tornem \u00c1frica um lugar melhor para investir e fazer neg\u00f3cios.<\/p>\n<p>A nossa inten\u00e7\u00e3o \u00e9 ser sempre um catalisador da mudan\u00e7a, quer atrav\u00e9s do impacto direto na nossa comunidade global, quer na forma como utilizamos e, na verdade, definimos a filantropia em \u00c1frica. Concedemos subs\u00eddios de forma selectiva, mas concentramo-nos mais em <a title=\"Investimento de impacto\" href=\"https:\/\/www.tonyelumelufoundation.org\/pt\/impacto\/\" target=\"_blank\">investimento de impacto<\/a>A Funda\u00e7\u00e3o Tony Elumelu tem vindo a desenvolver iniciativas em todo o continente em quatro \u00e1reas - desenvolvimento de lideran\u00e7a, pol\u00edticas e parcerias, acesso a financiamento e investiga\u00e7\u00e3o - com o objetivo de alcan\u00e7ar uma transforma\u00e7\u00e3o social e econ\u00f3mica mensur\u00e1vel.  Com estas ferramentas, a Funda\u00e7\u00e3o Tony Elumelu executou iniciativas em todo o continente em quatro \u00e1reas - desenvolvimento de lideran\u00e7a, pol\u00edticas e parcerias, acesso a financiamento e investiga\u00e7\u00e3o - com o objetivo de alcan\u00e7ar uma transforma\u00e7\u00e3o social e econ\u00f3mica mensur\u00e1vel.<\/p>\n<p>\u00c0 medida que entramos no novo ano, gostaria de partilhar convosco uma pequena lista dos nossos marcos de 2012, que contribu\u00edram de alguma forma para o cumprimento do nosso objetivo de aumentar a competitividade do sector privado africano e melhorar o ambiente de neg\u00f3cios para os empres\u00e1rios africanos.  Estas s\u00e3o as pedras angulares sobre as quais assentar\u00e1 a nossa programa\u00e7\u00e3o refor\u00e7ada para 2013.<\/p>\n<p><strong>Desenvolvimento da Lideran\u00e7a<\/strong><\/p>\n<p>Talvez a nossa maior realiza\u00e7\u00e3o tenha sido a conclus\u00e3o com \u00eaxito da segunda turma do <b>Programa de Est\u00e1gios nos Mercados Africanos<\/b> (AMIP), um programa de lideran\u00e7a que coloca estudantes de MBA das principais escolas de neg\u00f3cios mundiais em empresas africanas de r\u00e1pido crescimento em todo o continente, para uma transfer\u00eancia direta de compet\u00eancias e conhecimentos.  Em 2012, os estudantes foram colocados em sete cidades de seis pa\u00edses africanos e, em 2013, ser\u00e3o acrescentadas mais tr\u00eas cidades.<\/p>\n<p>Lan\u00e7\u00e1mos tamb\u00e9m o <b>Pr\u00e9mio do Legado Elumelu<\/b>que distingue os melhores estudantes de universidades nigerianas selecionadas por terem alcan\u00e7ado a excel\u00eancia acad\u00e9mica nas \u00e1reas da gest\u00e3o e da medicina.  Os 11 vencedores at\u00e9 \u00e0 data demonstram o talento nacional substancial que pode ser cultivado como futuros l\u00edderes empresariais e pol\u00edticos para o pa\u00eds.<\/p>\n<p>Aguardamos com expetativa o lan\u00e7amento do programa de tutoria da Funda\u00e7\u00e3o em 2013, ao mesmo tempo que concretizamos a nossa vis\u00e3o de uma escola de gest\u00e3o, bem como de uma institui\u00e7\u00e3o de forma\u00e7\u00e3o t\u00e9cnica e profissional.<\/p>\n<p><strong>Pol\u00edtica<\/strong><\/p>\n<p>A Funda\u00e7\u00e3o tem estado a trabalhar com o Minist\u00e9rio Federal do Com\u00e9rcio e do Investimento da Nig\u00e9ria para estabelecer o <b>Conselho Nacional de Competitividade da Nig\u00e9ria (NCCN)<\/b>que trabalhar\u00e1 com os decisores pol\u00edticos para melhorar a posi\u00e7\u00e3o da Nig\u00e9ria nas classifica\u00e7\u00f5es globais de competitividade e facilidade de fazer neg\u00f3cios.  Apoiaremos amplamente o minist\u00e9rio para garantir o \u00eaxito do arranque da NCCN este ano.<\/p>\n<p>Em 2012, regist\u00e1mos tamb\u00e9m as seguintes realiza\u00e7\u00f5es pol\u00edticas:<\/p>\n<ul>\n<li>Apresent\u00e1mos a nossa contribui\u00e7\u00e3o para <b>um projeto de lei que cria um quadro jur\u00eddico para o sector filantr\u00f3pico<\/b> na Nig\u00e9ria.<\/li>\n<li>Continu\u00e1mos a fornecer <b>apoio \u00e0 capacidade humana das organiza\u00e7\u00f5es governamentais viradas para o sector privado<\/b>A Comiss\u00e3o Europeia est\u00e1 a desenvolver um programa de bolsas de estudo para a Europa, atrav\u00e9s do programa Blair-Elumelu Fellows na Serra Leoa e na Lib\u00e9ria e do programa Elumelu Fellows na Nig\u00e9ria.<\/li>\n<li>Atrav\u00e9s de <b>Programa de Bolsas de Estudo Elumelu<\/b>Em 2013, a Funda\u00e7\u00e3o colocou o seu primeiro bolseiro no Minist\u00e9rio Federal da Agricultura da Nig\u00e9ria, com a tarefa de desbloquear milhares de milh\u00f5es de d\u00f3lares de investimento nacional e estrangeiro no sector agr\u00edcola nigeriano.   Em 2013, o programa ser\u00e1 alargado a outros minist\u00e9rios nigerianos e a outros pa\u00edses africanos.<\/li>\n<\/ul>\n<p><strong>Acesso ao financiamento<\/strong><\/p>\n<p>Em 2012, junt\u00e1mo-nos a um cons\u00f3rcio de investidores internacionais para estabelecer <b>\u00c1frica Exchange Holdings<\/b>cujo objetivo \u00e9 desenvolver uma rede de bolsas de produtos de base em toda a \u00c1frica, come\u00e7ando no Ruanda, para transformar a din\u00e2mica do com\u00e9rcio e garantir rendimentos mais elevados para as popula\u00e7\u00f5es rurais pobres, \u00e0 medida que estas se tornam mais estreitamente ligadas \u00e0 economia global.<\/p>\n<p>O projeto demonstra o nosso desejo de abra\u00e7ar oportunidades e pr\u00e1ticas globais, assegurando ao mesmo tempo que a maior parte dos aspectos de valor acrescentado da riqueza dos recursos de \u00c1frica permane\u00e7a no nosso continente.<\/p>\n<p>Para al\u00e9m disso:<\/p>\n<ul>\n<li>A Funda\u00e7\u00e3o estabeleceu uma parceria com a USAID e a Western Union no projeto <a href=\"http:\/\/www.diasporamarketplace.org\/\" target=\"_blank\" rel=\"noopener\">Mercado da Di\u00e1spora Africana<\/a>;<\/li>\n<li>Est\u00e1 a contribuir para o desenvolvimento de uma <b>rede de incubadoras de empresas<\/b> em Lagos, com pr\u00e9mios de desenvolvimento empresarial para empresas em fase de arranque e parcerias para desenvolver uma rede de investidores-anjo; e<\/li>\n<li>Estamos a desenvolver as nossas pr\u00f3prias empresas de impacto destinadas a resolver problemas sociais fundamentais, como o financiamento das PME, a cria\u00e7\u00e3o de emprego e o desenvolvimento de compet\u00eancias.<\/li>\n<\/ul>\n<p>Esperamos fazer mais investimentos estrat\u00e9gicos de impacto em 2013, bem como identificar formas inovadoras de desbloquear capital para os empres\u00e1rios africanos.<\/p>\n<p><strong>Investiga\u00e7\u00e3o<\/strong><\/p>\n<p>As nossas parcerias de investiga\u00e7\u00e3o incluem trabalhos com:<\/p>\n<ul>\n<li><a href=\"http:\/\/www.allworldlive.com\/\" target=\"_blank\" rel=\"noopener\"><b>Rede AllWorld<\/b><\/a>O objetivo \u00e9 criar uma base de dados das 50 empresas n\u00e3o cotadas com crescimento mais r\u00e1pido na Nig\u00e9ria (Nigeria50).  Em 2013, este projeto ser\u00e1 alargado ao Africa500.  Este grupo de empresas ser\u00e1 a base para compreender o que faz com que os neg\u00f3cios sejam bem sucedidos na \u00c1frica de hoje, e mostrar o talento que vemos diariamente.<\/li>\n<li><b>A Funda\u00e7\u00e3o Brenthurst<\/b>A Comiss\u00e3o Europeia, fundada pela fam\u00edlia Oppenheimer da \u00c1frica do Sul, lan\u00e7ou um programa de investiga\u00e7\u00e3o sobre \"Africanos que investem em \u00c1frica\", com o objetivo de avaliar a dimens\u00e3o do com\u00e9rcio e do investimento intra-africanos e a sua contribui\u00e7\u00e3o para a transforma\u00e7\u00e3o econ\u00f3mica em curso em \u00c1frica.<\/li>\n<\/ul>\n<p>Al\u00e9m disso, em resposta a uma escassez de investiga\u00e7\u00e3o pr\u00e1tica sobre o ambiente empresarial em \u00c1frica, come\u00e7\u00e1mos a desenvolver um <b>programa de estudo de casos<\/b> para aumentar o volume de estudos de casos sobre empresas africanas, e veremos mais atividade neste dom\u00ednio em 2013.<\/p>\n<p>Alcan\u00e7\u00e1mos muito no \u00faltimo ano e 2013 promete ser ainda mais emocionante e gratificante, \u00e0 medida que continuamos a desenvolver os nossos programas existentes e a criar novos programas que capitalizam as nossas ferramentas inovadoras e os nossos dedicados funcion\u00e1rios e parceiros.  Tamb\u00e9m foi gratificante descobrir o papel que as institui\u00e7\u00f5es africanas podem desempenhar para desbloquear o potencial de \u00c1frica.<\/p>\n<p>Acompanhe os nossos progressos e explore os nossos programas na nossa <a href=\"https:\/\/www.tonyelumelufoundation.org\/pt\/\" target=\"_blank\">local na rede Internet<\/a>ou mantenha-se a par das nossas actividades atrav\u00e9s da nossa rede social em <a href=\"https:\/\/www.facebook.com\/thetonyelumelufoundation\" target=\"_blank\" rel=\"noopener\">Facebook<\/a> e <a href=\"https:\/\/twitter.com\/TE_Foundation\" target=\"_blank\" rel=\"noopener\">Twitter<\/a>.<\/p>\n<p>Com os melhores votos para o Ano Novo,<\/p>\n<p>Dr. Wiebe Boer<br \/>\nCEO<br \/>\nA Funda\u00e7\u00e3o Tony Elumelu<\/p>","protected":false},"excerpt":{"rendered":"<p>2012 foi um ano de enorme crescimento para a Funda\u00e7\u00e3o Tony Elumelu. Ao longo do ano, expandimos o nosso alcance pan-africano com programas que est\u00e3o a ter um impacto positivo no desenvolvimento da paisagem socioecon\u00f3mica africana, desde ajudar os agricultores a aumentar os seus rendimentos atrav\u00e9s do fornecimento de novas variedades de sementes, a apoiar empres\u00e1rios que lideram empresas de r\u00e1pido crescimento e a trabalhar ...<\/p>","protected":false},"author":21,"featured_media":0,"comment_status":"open","ping_status":"open","sticky":false,"template":"","format":"standard","meta":{"_exactmetrics_skip_tracking":false,"_exactmetrics_sitenote_active":false,"_exactmetrics_sitenote_note":"","_exactmetrics_sitenote_category":0,"cybocfi_hide_featured_image":"","footnotes":""},"categories":[18],"tags":[],"class_list":["post-609","post","type-post","status-publish","format-standard","hentry","category-news"],"_links":{"self":[{"href":"https:\/\/www.tonyelumelufoundation.org\/pt\/wp-json\/wp\/v2\/posts\/609","targetHints":{"allow":["GET"]}}],"collection":[{"href":"https:\/\/www.tonyelumelufoundation.org\/pt\/wp-json\/wp\/v2\/posts"}],"about":[{"href":"https:\/\/www.tonyelumelufoundation.org\/pt\/wp-json\/wp\/v2\/types\/post"}],"author":[{"embeddable":true,"href":"https:\/\/www.tonyelumelufoundation.org\/pt\/wp-json\/wp\/v2\/users\/21"}],"replies":[{"embeddable":true,"href":"https:\/\/www.tonyelumelufoundation.org\/pt\/wp-json\/wp\/v2\/comments?post=609"}],"version-history":[{"count":0,"href":"https:\/\/www.tonyelumelufoundation.org\/pt\/wp-json\/wp\/v2\/posts\/609\/revisions"}],"wp:attachment":[{"href":"https:\/\/www.tonyelumelufoundation.org\/pt\/wp-json\/wp\/v2\/media?parent=609"}],"wp:term":[{"taxonomy":"category","embeddable":true,"href":"https:\/\/www.tonyelumelufoundation.org\/pt\/wp-json\/wp\/v2\/categories?post=609"},{"taxonomy":"post_tag","embeddable":true,"href":"https:\/\/www.tonyelumelufoundation.org\/pt\/wp-json\/wp\/v2\/tags?post=609"}],"curies":[{"name":"wp","href":"https:\/\/api.w.org\/{rel}","templated":true}]}}