{"id":631,"date":"2012-09-08T12:27:26","date_gmt":"2012-09-08T12:27:26","guid":{"rendered":"http:\/\/www.tonyelumelufoundation.org\/?post_type=pressrelease&#038;p=631"},"modified":"2018-10-04T17:34:43","modified_gmt":"2018-10-04T17:34:43","slug":"fundacao-tony-elumelu-lanca-programa-de-bolsas-tony-elumelu-ministerio-federal-da-agricultura","status":"publish","type":"post","link":"https:\/\/www.tonyelumelufoundation.org\/pt\/news\/tony-elumelu-foundation-launches-tony-elumelu-fellowship-programme-federal-ministry-agriculture","title":{"rendered":"A Funda\u00e7\u00e3o Tony Elumelu lan\u00e7a o Programa de Bolsas Tony Elumelu com o Minist\u00e9rio Federal da Agricultura"},"content":{"rendered":"<p><em>Refor\u00e7ar a capacidade do sector p\u00fablico para estimular o crescimento do sector privado<\/em><\/p>\n<p>A Funda\u00e7\u00e3o Tony Elumelu tem o prazer de anunciar a coloca\u00e7\u00e3o do primeiro Tony Elumelu Fellow no Minist\u00e9rio Federal da Agricultura e Desenvolvimento Rural. A iniciativa est\u00e1 em linha com a inten\u00e7\u00e3o da Funda\u00e7\u00e3o de fornecer apoio estrat\u00e9gico aos principais minist\u00e9rios, permitindo um envolvimento mais forte e estrat\u00e9gico com o setor privado. O programa come\u00e7ar\u00e1 com foco na Nig\u00e9ria, com planos de expans\u00e3o para outras economias africanas em r\u00e1pido crescimento para criar um ambiente prop\u00edcio para um crescimento inclusivo e centrado no emprego, liderado por um sector privado africano competitivo.<\/p>\n<p>O primeiro bolsista atuar\u00e1 como Consultor S\u00eanior de Investimentos no Minist\u00e9rio Federal da Agricultura e Desenvolvimento Rural da Nig\u00e9ria. A fun\u00e7\u00e3o apoiar\u00e1 a prioridade do Minist\u00e9rio de uma estrat\u00e9gia de transforma\u00e7\u00e3o agr\u00edcola orientada para a cadeia de valor, servindo como pessoa de refer\u00eancia para investidores nacionais e estrangeiros com interesse no setor agr\u00edcola nigeriano.<\/p>\n<p>Os bolsistas do programa ser\u00e3o destacados por um per\u00edodo inicial de dois anos e ser\u00e3o obrigados a assinar acordos estritos de conflito de interesses para garantir a transpar\u00eancia. Cada bolseiro \u00e9 selecionado atrav\u00e9s de uma pesquisa global competitiva e transparente para encontrar candidatos com os conjuntos de compet\u00eancias mais adequados, para garantir que as necessidades dos minist\u00e9rios s\u00e3o satisfeitas. Os bolsistas tamb\u00e9m s\u00e3o selecionados com base na alta qualidade de sua experi\u00eancia de trabalho, orienta\u00e7\u00e3o para resultados e capacidade de transferir conhecimento e capacitar os minist\u00e9rios.<\/p>\n<p>O bolseiro junta-se a um grupo de outros bolseiros especialistas que j\u00e1 prestam apoio a outros governos africanos atrav\u00e9s do Programa de Bolsas Blair Elumelu j\u00e1 em vigor na Serra Leoa e na Lib\u00e9ria. Este programa oferece um modelo inovador de apoio filantr\u00f3pico ao sector p\u00fablico africano, afastando-se do modelo tradicional de concess\u00e3o de subven\u00e7\u00f5es e em direc\u00e7\u00e3o ao apoio \u00e0 capacidade humana que infunde um esp\u00edrito de execu\u00e7\u00e3o influenciado pelo sector privado na ampla agenda de transforma\u00e7\u00e3o do governo.<\/p>\n<p>Tony O. Elumelu, CON, fundador da Funda\u00e7\u00e3o Tony Elumelu e presidente da Heirs Holdings, disse: \u201cEste programa faz parte dos esfor\u00e7os da Funda\u00e7\u00e3o para criar o melhor ambiente poss\u00edvel para a transforma\u00e7\u00e3o econ\u00f3mica liderada pelo sector privado africano na Nig\u00e9ria e em \u00c1frica. Vemos isto como uma solu\u00e7\u00e3o local, que aproveita o melhor talento empresarial nigeriano e a inova\u00e7\u00e3o do sector privado para contribuir para direcionar o tipo certo de capital para o setor agr\u00edcola da Nig\u00e9ria. Come\u00e7amos com o Minist\u00e9rio da Agricultura para mostrar visivelmente o nosso apoio \u00e0 ambiciosa vis\u00e3o de transforma\u00e7\u00e3o do Ilustre Ministro da Agricultura, um pilar fundamental da agenda geral da administra\u00e7\u00e3o.\u201d<\/p>\n<p>Ao dar as boas-vindas ao primeiro bolsista no Minist\u00e9rio, o Honor\u00e1vel Ministro da Agricultura e Desenvolvimento Rural, Dr. Akinwumi Adesina, CON disse: \u201cA agricultura n\u00e3o \u00e9 um projeto de desenvolvimento, mas sim um neg\u00f3cio. Faremos crescer este setor para se tornar um grande motor da nossa economia. Estamos a trabalhar para criar um ambiente prop\u00edcio que atraia investimentos directos locais e estrangeiros significativos para este sector. A agricultura da Nig\u00e9ria est\u00e1 aberta aos neg\u00f3cios, para acrescentar valor a tudo o que cultivamos e gerar empregos.<\/p>\n<p>Este programa pioneiro da Funda\u00e7\u00e3o Tony Elumelu ser\u00e1 fundamental para garantir o crescimento catalisador da ind\u00fastria agr\u00edcola. O Consultor S\u00e9nior de Investimentos ajudar\u00e1 a construir e fortalecer a capacidade de mobiliza\u00e7\u00e3o de investimentos dentro do Minist\u00e9rio da Agricultura no nosso esfor\u00e7o para tornar a agricultura mais produtiva, eficiente e competitiva, no nosso esfor\u00e7o para tornar a vis\u00e3o do Presidente Goodluck Ebele Jonathan, GCFR, um sucesso .\u201d<\/p>\n<p>A assinatura do acordo de parceria entre a Funda\u00e7\u00e3o Tony Elumelu e o Minist\u00e9rio Federal da Agricultura ocorre um dia depois de os dirigentes das duas institui\u00e7\u00f5es, Tony O. Elumelu e Dr. Akin Adesina, terem sido agraciados com a honra nacional de Ordem do Comandante do N\u00edger . Tanto o Dr. Adesina como o Sr. Elumelu s\u00e3o tamb\u00e9m membros do Conselho de Implementa\u00e7\u00e3o da Transforma\u00e7\u00e3o Agr\u00edcola do Presidente Goodluck Jonathan e est\u00e3o a estabelecer uma refer\u00eancia para a colabora\u00e7\u00e3o entre os sectores p\u00fablico e privado.<\/p>\n<p><b>Sobre a Funda\u00e7\u00e3o Tony Elumelu<\/b><br \/>\nA Funda\u00e7\u00e3o Tony Elumelu \u00e9 uma institui\u00e7\u00e3o sem fins lucrativos com sede e financiada em \u00c1frica, dedicada \u00e0 promo\u00e7\u00e3o e celebra\u00e7\u00e3o da excel\u00eancia na lideran\u00e7a empresarial e no empreendedorismo em toda a \u00c1frica. Enquanto filantropia catal\u00edtica do s\u00e9culo XXI, a Funda\u00e7\u00e3o est\u00e1 empenhada em impulsionar o crescimento econ\u00f3mico do continente a partir de dentro, provando que o sector privado africano pode ser ele pr\u00f3prio o principal gerador do desenvolvimento econ\u00f3mico.<\/p>\n<p>Fundada em 2010 por Tony O. Elumelu, a Funda\u00e7\u00e3o identifica e prepara estudantes de gest\u00e3o, jovens empreendedores e CEOs de empresas africanas em v\u00e1rios est\u00e1gios do seu desenvolvimento. Procura utilizar o capital e a lideran\u00e7a africanos para criar uma rede de empreendedores, ao mesmo tempo que apoia l\u00edderes empresariais criativos cujas ideias podem criar emprego sustent\u00e1vel e promover parcerias regionais.<\/p>\n<p><b>Sobre o Minist\u00e9rio Federal da Agricultura e Desenvolvimento Rural<\/b><br \/>\nLiderado pelo Honor\u00e1vel Ministro, Dr. Akinwumi Adesina, o Minist\u00e9rio Federal da Agricultura e Desenvolvimento Rural desenvolveu um novo plano de transforma\u00e7\u00e3o agr\u00edcola para a Nig\u00e9ria, como parte da Agenda de Transforma\u00e7\u00e3o do Presidente. A implementa\u00e7\u00e3o do plano de transforma\u00e7\u00e3o requer supervis\u00e3o e execu\u00e7\u00e3o muito estreitas a n\u00edvel do governo estadual e local, trabalhando em estreita colabora\u00e7\u00e3o com o sector privado. Para garantir a execu\u00e7\u00e3o eficaz, a participa\u00e7\u00e3o ativa dos estados e o monitoramento e avalia\u00e7\u00e3o do plano de transforma\u00e7\u00e3o, o Minist\u00e9rio Federal da Agricultura e Desenvolvimento Rural ser\u00e1 agora descentralizado para os estados. Um componente-chave da transforma\u00e7\u00e3o da agricultura a n\u00edvel estadual \u00e9 o desenvolvimento da agricultura como um neg\u00f3cio, com especial foco em jovens agricultores comerciais empreendedores, investimentos do sector privado e desenvolvimento de agroind\u00fastrias (sementes, fertilizantes, m\u00e1quinas, armazenamento e log\u00edstica, alimentos fabrica\u00e7\u00e3o etc.).<br \/>\nO desenvolvimento bem-sucedido do agroneg\u00f3cio em geral, e particularmente nas zonas de processamento de culturas b\u00e1sicas nos n\u00edveis estadual e regional, garantir\u00e1 a redu\u00e7\u00e3o das perdas p\u00f3s-colheita, a integra\u00e7\u00e3o atrasada para utilizar a produ\u00e7\u00e3o excedente de produtos agr\u00edcolas, garantir\u00e1 mercados para os agricultores e garantir\u00e1 o surgimento de mais sistemas alimentares competitivos que possam produzir e distribuir alimentos a custos competitivos.<\/p>\n<p><b>Contato:<\/b><br \/>\nTolu Orekoya<br \/>\nDepartamento de Comunica\u00e7\u00f5es<br \/>\nA Funda\u00e7\u00e3o Tony Elumelu<br \/>\ntolu.orekoya@heirsholdings.com<\/p>","protected":false},"excerpt":{"rendered":"<p>Melhorar a capacidade do sector p\u00fablico para estimular o crescimento do sector privado A Funda\u00e7\u00e3o Tony Elumelu tem o prazer de anunciar a coloca\u00e7\u00e3o do primeiro Tony Elumelu Fellow no Minist\u00e9rio Federal da Agricultura e Desenvolvimento Rural. A iniciativa est\u00e1 em conson\u00e2ncia com a inten\u00e7\u00e3o da Funda\u00e7\u00e3o de fornecer apoio estrat\u00e9gico aos principais minist\u00e9rios, permitindo um crescimento mais forte e ...<\/p>","protected":false},"author":21,"featured_media":0,"comment_status":"open","ping_status":"open","sticky":false,"template":"","format":"standard","meta":{"_exactmetrics_skip_tracking":false,"_exactmetrics_sitenote_active":false,"_exactmetrics_sitenote_note":"","_exactmetrics_sitenote_category":0,"cybocfi_hide_featured_image":"","footnotes":""},"categories":[18],"tags":[],"class_list":["post-631","post","type-post","status-publish","format-standard","hentry","category-news"],"_links":{"self":[{"href":"https:\/\/www.tonyelumelufoundation.org\/pt\/wp-json\/wp\/v2\/posts\/631","targetHints":{"allow":["GET"]}}],"collection":[{"href":"https:\/\/www.tonyelumelufoundation.org\/pt\/wp-json\/wp\/v2\/posts"}],"about":[{"href":"https:\/\/www.tonyelumelufoundation.org\/pt\/wp-json\/wp\/v2\/types\/post"}],"author":[{"embeddable":true,"href":"https:\/\/www.tonyelumelufoundation.org\/pt\/wp-json\/wp\/v2\/users\/21"}],"replies":[{"embeddable":true,"href":"https:\/\/www.tonyelumelufoundation.org\/pt\/wp-json\/wp\/v2\/comments?post=631"}],"version-history":[{"count":0,"href":"https:\/\/www.tonyelumelufoundation.org\/pt\/wp-json\/wp\/v2\/posts\/631\/revisions"}],"wp:attachment":[{"href":"https:\/\/www.tonyelumelufoundation.org\/pt\/wp-json\/wp\/v2\/media?parent=631"}],"wp:term":[{"taxonomy":"category","embeddable":true,"href":"https:\/\/www.tonyelumelufoundation.org\/pt\/wp-json\/wp\/v2\/categories?post=631"},{"taxonomy":"post_tag","embeddable":true,"href":"https:\/\/www.tonyelumelufoundation.org\/pt\/wp-json\/wp\/v2\/tags?post=631"}],"curies":[{"name":"wp","href":"https:\/\/api.w.org\/{rel}","templated":true}]}}