{"id":724,"date":"2013-10-29T13:50:06","date_gmt":"2013-10-29T12:50:06","guid":{"rendered":"http:\/\/www.tonyelumelufoundation.org\/?post_type=pressrelease&#038;p=724"},"modified":"2020-07-20T09:39:09","modified_gmt":"2020-07-20T08:39:09","slug":"plataforma-dedicada-ao-africapitalismo-lanca-allafrica-com","status":"publish","type":"post","link":"https:\/\/www.tonyelumelufoundation.org\/pt\/news\/dedicated-africapitalism-platform-launches-allafrica-com","title":{"rendered":"Plataforma dedicada ao Africapitalism \u00e9 lan\u00e7ada em AllAfrica.com"},"content":{"rendered":"<p>Lagos, 29 de Outubro de 2013- AllAfrica.com, a principal fonte de not\u00edcias africanas, adicionou uma sec\u00e7\u00e3o ao seu website que ser\u00e1 dedicada ao Africapitalismo \u2013 uma filosofia econ\u00f3mica que \u00e9 apontada como a solu\u00e7\u00e3o para o desenvolvimento de \u00c1frica.<\/p>\n<p>A sec\u00e7\u00e3o apresentar\u00e1 opini\u00f5es, an\u00e1lises e novas perspectivas que estimular\u00e3o o debate em torno da premissa do Africapitalismo de que o sector privado tem o poder de transformar o continente atrav\u00e9s do investimento a longo prazo em sectores-chave, criando tanto prosperidade econ\u00f3mica como riqueza social.<\/p>\n<p>Tony O. Elumelu, CON, presidente da Heirs Holdings e criador do conceito de Africapitalismo, disse: \u201cO Africapitalismo \u00e9 um plano de desenvolvimento cuja hora chegou. Mais de cinquenta anos ap\u00f3s a independ\u00eancia de muitos pa\u00edses africanos, ainda n\u00e3o encontramos uma solu\u00e7\u00e3o sustent\u00e1vel para os nossos desafios. Acreditamos firmemente, porque o vimos em ac\u00e7\u00e3o, que o Africapitalismo \u00e9 o caminho a seguir e ir\u00e1 impulsionar o desenvolvimento em \u00c1frica. O site \u00e9 um apelo \u00e0 ac\u00e7\u00e3o para que os l\u00edderes do espa\u00e7o p\u00fablico, privado e de desenvolvimento vejam mais exemplos de africapitalismo e contribuam com os seus pontos de vista para o debate.\u201d<\/p>\n<p>A p\u00e1gina Africapitalism apresentar\u00e1 iniciativas lideradas pelo sector privado em \u00c1frica que abordam os desafios mais prementes de \u00c1frica. Ir\u00e1 tamb\u00e9m chamar a aten\u00e7\u00e3o para os l\u00edderes do sector p\u00fablico e para as pol\u00edticas implementadas que criam um ambiente prop\u00edcio ao florescimento das empresas.<\/p>\n<p>A p\u00e1gina AllAfrica.com Africapitalism foi concebida para fornecer um f\u00f3rum para informar, debater e desafiar ideias sobre o papel que as empresas podem desempenhar no desenvolvimento. A p\u00e1gina ser\u00e1 a primeira parada para qualquer pessoa interessada em aprender mais sobre o Africapitalismo.<\/p>\n<p>O website pode ser encontrado em http:\/\/allafrica.com\/infocenter\/Africapitalism\/.<\/p>","protected":false},"excerpt":{"rendered":"<p>Lagos, 29 de Outubro de 2013- AllAfrica.com, a principal fonte de not\u00edcias africanas, adicionou uma sec\u00e7\u00e3o ao seu website que ser\u00e1 dedicada ao Africapitalismo \u2013 uma filosofia econ\u00f3mica que \u00e9 apontada como a solu\u00e7\u00e3o para o desenvolvimento de \u00c1frica. A sec\u00e7\u00e3o apresentar\u00e1 opini\u00f5es, an\u00e1lises e novas perspectivas que estimular\u00e3o o debate em torno da premissa do Africapitalismo de que o setor privado\u2026<\/p>","protected":false},"author":21,"featured_media":0,"comment_status":"open","ping_status":"open","sticky":false,"template":"","format":"standard","meta":{"_exactmetrics_skip_tracking":false,"_exactmetrics_sitenote_active":false,"_exactmetrics_sitenote_note":"","_exactmetrics_sitenote_category":0,"cybocfi_hide_featured_image":"","footnotes":""},"categories":[223,18],"tags":[25],"class_list":["post-724","post","type-post","status-publish","format-standard","hentry","category-africapitalism","category-news","tag-africapitalism"],"_links":{"self":[{"href":"https:\/\/www.tonyelumelufoundation.org\/pt\/wp-json\/wp\/v2\/posts\/724","targetHints":{"allow":["GET"]}}],"collection":[{"href":"https:\/\/www.tonyelumelufoundation.org\/pt\/wp-json\/wp\/v2\/posts"}],"about":[{"href":"https:\/\/www.tonyelumelufoundation.org\/pt\/wp-json\/wp\/v2\/types\/post"}],"author":[{"embeddable":true,"href":"https:\/\/www.tonyelumelufoundation.org\/pt\/wp-json\/wp\/v2\/users\/21"}],"replies":[{"embeddable":true,"href":"https:\/\/www.tonyelumelufoundation.org\/pt\/wp-json\/wp\/v2\/comments?post=724"}],"version-history":[{"count":0,"href":"https:\/\/www.tonyelumelufoundation.org\/pt\/wp-json\/wp\/v2\/posts\/724\/revisions"}],"wp:attachment":[{"href":"https:\/\/www.tonyelumelufoundation.org\/pt\/wp-json\/wp\/v2\/media?parent=724"}],"wp:term":[{"taxonomy":"category","embeddable":true,"href":"https:\/\/www.tonyelumelufoundation.org\/pt\/wp-json\/wp\/v2\/categories?post=724"},{"taxonomy":"post_tag","embeddable":true,"href":"https:\/\/www.tonyelumelufoundation.org\/pt\/wp-json\/wp\/v2\/tags?post=724"}],"curies":[{"name":"wp","href":"https:\/\/api.w.org\/{rel}","templated":true}]}}