{"id":8884,"date":"2019-06-13T13:30:18","date_gmt":"2019-06-13T13:30:18","guid":{"rendered":"https:\/\/www.tonyelumelufoundation.org\/?p=8884"},"modified":"2019-12-05T10:42:07","modified_gmt":"2019-12-05T10:42:07","slug":"tony-elumelu-recebera-o-titulo-de-doutor-honorario-da-universidade-bayero-por-sua-contribuicao-ao-desenvolvimento-humano","status":"publish","type":"post","link":"https:\/\/www.tonyelumelufoundation.org\/pt\/news\/tony-elumelu-to-be-conferred-honorary-doctorate-degree-by-bayero-university-for-his-contribution-to-human-development","title":{"rendered":"Tony Elumelu receber\u00e1 o t\u00edtulo de Doutor Honor\u00e1rio da Universidade Bayero por sua contribui\u00e7\u00e3o ao desenvolvimento humano"},"content":{"rendered":"<p>Tony O. Elumelu, CON, fundador da Funda\u00e7\u00e3o Tony Elumelu e presidente do Grupo UBA e da Heirs Holdings receber\u00e1 o t\u00edtulo de Doutor Honor\u00e1rio de uma das universidades mais importantes da Nig\u00e9ria, a Universidade Bayero, Kano. A confer\u00eancia, que \u00e9 um reconhecimento \u00e0 sua contribui\u00e7\u00e3o para o desenvolvimento humano na Nig\u00e9ria, ter\u00e1 lugar no 35\u00ba edif\u00edcio da institui\u00e7\u00e3o.<sup>\u00ba<\/sup>\u00a0Cerim\u00f4nia de convoca\u00e7\u00e3o no s\u00e1bado, 15 de junho de 2019.<\/p>\n<p>Tony Elumelu tem sido o defensor mais proeminente do empreendedorismo em \u00c1frica. Atrav\u00e9s da Funda\u00e7\u00e3o Tony Elumelu \u2013 uma filantropia africana liderada pelo sector privado que capacita empreendedores africanos \u2013 a sua fam\u00edlia doou $100 milh\u00f5es para capacitar 10.000 empreendedores africanos em 10 anos no Programa de Empreendedorismo da Funda\u00e7\u00e3o. Ainda a meio caminho, a Funda\u00e7\u00e3o capacitou 7.520 empres\u00e1rios africanos com um capital inicial n\u00e3o reembols\u00e1vel de $5.000, forma\u00e7\u00e3o, orienta\u00e7\u00e3o e oportunidades de networking. O objectivo \u00e9 capacitar estes empreendedores para criarem 1 milh\u00e3o de empregos e gerarem riqueza para o continente africano.<\/p>\n<p>No norte da Nig\u00e9ria, a Funda\u00e7\u00e3o Tony Elumelu capacitou 806 empreendedores desde o seu in\u00edcio at\u00e9 \u00e0 data. Empres\u00e1rios como Aklahyel Goni s\u00e3o um dos benefici\u00e1rios. Goni fundou a El-Magnifico, uma empresa de aquicultura no estado de Adamawa que est\u00e1 a reduzir os custos para os agricultores que foram atingidos pela insurrei\u00e7\u00e3o. Com o capital inicial da Funda\u00e7\u00e3o Tony Elumelu, Goni lan\u00e7ou uma ra\u00e7\u00e3o para peixes acess\u00edvel, por\u00e9m premium, para agricultores e treina outros jovens empreendedores na piscicultura todos os anos.<\/p>\n<p>Falando sobre a confer\u00eancia, o Vice-Reitor da Universidade Bayero, Professor Muhammad Yahuza Bello, FNMS, disse: \u201cA honra \u00e9 um reconhecimento \u00e0 sua inumer\u00e1vel e digna contribui\u00e7\u00e3o ao pa\u00eds como economista, empres\u00e1rio e filantropo. Suas atividades filantr\u00f3picas atrav\u00e9s da Funda\u00e7\u00e3o Tony Elumelu alcan\u00e7aram todos os cantos da nossa na\u00e7\u00e3o e tiveram um impacto positivo em muitas vidas. Os seus esfor\u00e7os na \u00e1rea do empreendedorismo est\u00e3o a dar um imenso contributo para a economia\u201d.<\/p>\n<p><a href=\"https:\/\/www.proshareng.com\/news\/Enterpreneurship\/Sultan-of-Sokoto-commends-the-Tony-Elumelu-Foundation\/35777\" target=\"_blank\" rel=\"noopener\">No in\u00edcio de 2017, o Sult\u00e3o de Sokoto elogiou Elumelu pela sua interven\u00e7\u00e3o atrav\u00e9s da sua Funda\u00e7\u00e3o e defesa do empreendedorismo<\/a>, na cria\u00e7\u00e3o de empregos e na ajuda a manter os jovens ociosos fora das ruas, promovendo assim a seguran\u00e7a na regi\u00e3o. A homenagem foi feita na sequ\u00eancia de uma visita de cortesia realizada \u00e0 Universidade Usman Danfodiyo, em Sokoto, onde Elumelu fez um discurso a estudantes universit\u00e1rios e l\u00edderes c\u00edvicos.<\/p>\n<p>Tony Elumelu continua a defender o empreendedorismo no continente. <a href=\"https:\/\/www.youtube.com\/watch?v=YP3tW6BzGA8&amp;feature=youtu.be\" target=\"_blank\" rel=\"noopener\">A CNN referiu-se recentemente \u00e0 hist\u00f3ria de Elumelu e sua esposa como \u201cUm casal poderoso cuja dedica\u00e7\u00e3o \u00e0 filantropia est\u00e1 ajudando uma nova gera\u00e7\u00e3o de grandes ideias\u201d.<\/a>.<\/p>\n<p>Os Elumelus continuam a sua defesa na edi\u00e7\u00e3o deste ano <a href=\"https:\/\/www.tonyelumelufoundation.org\/pt\/forum2019\/\">F\u00f3rum de Empreendedorismo da Funda\u00e7\u00e3o Tony Elumelu<\/a>\u2014o maior encontro de empreendedores africanos \u2014 onde mais de 5.000 participantes, incluindo empreendedores iniciantes, l\u00edderes do setor privado e presidentes, se reunir\u00e3o no Transcorp Hilton Hotel Abuja para discutir o empreendedorismo em \u00c1frica.<\/p>\n<div id=\"mc_embed_signup\">\n<form id=\"mc-embedded-subscribe-form\" class=\"validate\" action=\"https:\/\/tonyelumelufoundation.us4.list-manage.com\/subscribe\/post?u=5f02da89231e2ddbb3148e957&amp;id=2a6469920a\" method=\"post\" name=\"mc-embedded-subscribe-form\" novalidate=\"\" target=\"_blank\">\n<div id=\"mc_embed_signup_scroll\">\n<h2>Inscreva-se para obter detalhes sobre a Funda\u00e7\u00e3o Tony Elumelu primeiro!<\/h2>\n<div class=\"indicates-required\"><span class=\"asterisk\">*<\/span> indica necess\u00e1rio<\/div>\n<div><\/div>\n<div class=\"mc-field-group\"><label for=\"mce-EMAIL\">Endere\u00e7o de correio eletr\u00f3nico <span class=\"asterisk\">*<\/span><\/label><br \/>\n<input id=\"mce-EMAIL\" class=\"required email\" name=\"EMAIL\" type=\"email\" value=\"\" \/><\/div>\n<div class=\"mc-field-group\"><label for=\"mce-FNAME\">Nome pr\u00f3prio <\/label><br \/>\n<input id=\"mce-FNAME\" class=\"\" name=\"FNAME\" type=\"text\" value=\"\" \/><\/div>\n<div class=\"mc-field-group\"><label for=\"mce-LNAME\">Sobrenome <\/label><br \/>\n<input id=\"mce-LNAME\" class=\"\" name=\"LNAME\" type=\"text\" value=\"\" \/><\/div>\n<div id=\"mce-responses\" class=\"clear\">\n<div id=\"mce-error-response\" class=\"response\" style=\"display: none;\"><\/div>\n<div id=\"mce-success-response\" class=\"response\" style=\"display: none;\"><\/div>\n<\/div>\n<p><!-- real people should not fill this in and expect good things - do not remove this or risk form bot signups--><\/p>\n<div style=\"position: absolute; left: -5000px;\" aria-hidden=\"true\"><input tabindex=\"-1\" name=\"b_5f02da89231e2ddbb3148e957_2a6469920a\" type=\"text\" value=\"\" \/><\/div>\n<div class=\"clear\"><input id=\"mc-embedded-subscribe\" class=\"button\" name=\"subscribe\" type=\"submit\" value=\"Se inscrever\" \/><\/div>\n<\/div>\n<\/form>\n<\/div>\n<p><!--End mc_embed_signup--><\/p>","protected":false},"excerpt":{"rendered":"<p>Tony O. Elumelu, CON, Fundador da Funda\u00e7\u00e3o Tony Elumelu e Presidente do Grupo UBA e da Heirs Holdings, ser\u00e1 agraciado com o grau de Doutor Honoris Causa por uma das mais importantes universidades da Nig\u00e9ria, a Universidade Bayero, em Kano. A atribui\u00e7\u00e3o, que \u00e9 um reconhecimento da sua contribui\u00e7\u00e3o para o desenvolvimento humano na Nig\u00e9ria, ter\u00e1 lugar na 35.\u00aa cerim\u00f3nia de convoca\u00e7\u00e3o da institui\u00e7\u00e3o, no s\u00e1bado, dia ...<\/p>","protected":false},"author":21,"featured_media":8885,"comment_status":"open","ping_status":"open","sticky":false,"template":"","format":"standard","meta":{"_exactmetrics_skip_tracking":false,"_exactmetrics_sitenote_active":false,"_exactmetrics_sitenote_note":"","_exactmetrics_sitenote_category":0,"cybocfi_hide_featured_image":"","footnotes":""},"categories":[18,63],"tags":[],"class_list":["post-8884","post","type-post","status-publish","format-standard","has-post-thumbnail","hentry","category-news","category-press-releases"],"_links":{"self":[{"href":"https:\/\/www.tonyelumelufoundation.org\/pt\/wp-json\/wp\/v2\/posts\/8884","targetHints":{"allow":["GET"]}}],"collection":[{"href":"https:\/\/www.tonyelumelufoundation.org\/pt\/wp-json\/wp\/v2\/posts"}],"about":[{"href":"https:\/\/www.tonyelumelufoundation.org\/pt\/wp-json\/wp\/v2\/types\/post"}],"author":[{"embeddable":true,"href":"https:\/\/www.tonyelumelufoundation.org\/pt\/wp-json\/wp\/v2\/users\/21"}],"replies":[{"embeddable":true,"href":"https:\/\/www.tonyelumelufoundation.org\/pt\/wp-json\/wp\/v2\/comments?post=8884"}],"version-history":[{"count":0,"href":"https:\/\/www.tonyelumelufoundation.org\/pt\/wp-json\/wp\/v2\/posts\/8884\/revisions"}],"wp:featuredmedia":[{"embeddable":true,"href":"https:\/\/www.tonyelumelufoundation.org\/pt\/wp-json\/wp\/v2\/media\/8885"}],"wp:attachment":[{"href":"https:\/\/www.tonyelumelufoundation.org\/pt\/wp-json\/wp\/v2\/media?parent=8884"}],"wp:term":[{"taxonomy":"category","embeddable":true,"href":"https:\/\/www.tonyelumelufoundation.org\/pt\/wp-json\/wp\/v2\/categories?post=8884"},{"taxonomy":"post_tag","embeddable":true,"href":"https:\/\/www.tonyelumelufoundation.org\/pt\/wp-json\/wp\/v2\/tags?post=8884"}],"curies":[{"name":"wp","href":"https:\/\/api.w.org\/{rel}","templated":true}]}}