{"id":9908,"date":"2019-12-13T05:48:37","date_gmt":"2019-12-13T05:48:37","guid":{"rendered":"https:\/\/www.tonyelumelufoundation.org\/?p=9908"},"modified":"2020-01-23T14:23:02","modified_gmt":"2020-01-23T14:23:02","slug":"africa-a-floresta-do-futuro","status":"publish","type":"post","link":"https:\/\/www.tonyelumelufoundation.org\/pt\/articles\/africa-the-forest-of-the-future","title":{"rendered":"\u00c1frica: A Floresta do Futuro"},"content":{"rendered":"<p>Hoje cedo, meu querido colega, Owen Omogaifo \u2013 Diretor Geral da Transcorp Hotels, fez o discurso principal em nome de nosso Fundador, Tony O. Elumelu, no Semin\u00e1rio de Inova\u00e7\u00e3o Agr\u00edcola Israel-Nig\u00e9ria 2019 em Abuja. O tema da iniciativa foi \u201cN\u00e3o h\u00e1 espa\u00e7o para pequenos sonhos\u201d, com foco em agricultura e tecnologia.&nbsp;<\/p>\n\n\n\n<p>A \u00c1frica tem sido historicamente desconsiderada como uma selva tecnologicamente inepta. Este evento foi significativo para mapear o desenvolvimento socioecon\u00f3mico do nosso continente at\u00e9 \u00e0 data, uma vez que liderou um di\u00e1logo sobre os imensos benef\u00edcios da tecnologia para as empresas africanas de tecnologia agr\u00edcola e alimentar. Felicito o Governo Federal da Nig\u00e9ria por apoiar o sector agr\u00edcola atrav\u00e9s de iniciativas que incentivam os nossos produtores locais e melhoram o acesso ao financiamento no sector. O Banco Central da Nig\u00e9ria tamb\u00e9m forneceu apoio financeiro aos nossos agricultores e ao Minist\u00e9rio Federal da Agricultura e Desenvolvimento Rural. Como resultado deste esfor\u00e7o colaborativo, os empres\u00e1rios do sector agr\u00edcola beneficiam agora de pol\u00edticas fiscais e industriais espec\u00edficas para melhorar a sua produtividade e capacidade. \u00c9 disto que os jovens, especialmente os do sector prim\u00e1rio, precisam para alcan\u00e7ar a sustentabilidade e a escalabilidade na nova economia africana.&nbsp;&nbsp;&nbsp;&nbsp;&nbsp;&nbsp;&nbsp;&nbsp;&nbsp;&nbsp;&nbsp;&nbsp;&nbsp;&nbsp;&nbsp;&nbsp;&nbsp;&nbsp;&nbsp;&nbsp;&nbsp;&nbsp;&nbsp;&nbsp;&nbsp;&nbsp;&nbsp;&nbsp;&nbsp;&nbsp;&nbsp;&nbsp;&nbsp;&nbsp;&nbsp;&nbsp;&nbsp;&nbsp;&nbsp;<\/p>\n\n\n\n<p>Na Funda\u00e7\u00e3o Tony Elumelu, tamb\u00e9m acreditamos que os investimentos para modernizar a agricultura n\u00e3o s\u00f3 transformar\u00e3o as vidas das pessoas mais pobres do continente, mas tamb\u00e9m fortalecer\u00e3o a capacidade da Nig\u00e9ria e de \u00c1frica para absorver a nova vaga de jovens que entram no mercado de trabalho. Na Nig\u00e9ria \u2013 e na verdade em \u00c1frica, n\u00e3o se pode sobrestimar a import\u00e2ncia da agricultura para a economia. Voc\u00ea sabia que \u00e9 o maior empregador de m\u00e3o de obra do pa\u00eds, com dois ter\u00e7os da for\u00e7a de trabalho empregada na agricultura? Isto mostra que \u00e9 cada vez mais importante que fa\u00e7amos o que estiver ao nosso alcance para quebrar as barreiras que impedem os nossos jovens de desenvolver solu\u00e7\u00f5es inovadoras para os problemas que enfrentamos no nosso sector agr\u00edcola.<\/p>\n\n\n\n<p>Se acertarmos, o sector agr\u00edcola representa a maior oportunidade de \u00c1frica para impulsionar o crescimento inclusivo e sustent\u00e1vel, e o \u00fanico sector com potencial para tirar milh\u00f5es de pessoas da pobreza e mudar para sempre o caminho do continente para o desenvolvimento. Nos \u00faltimos 5 anos, o nosso programa revelou que a agricultura \u00e9 o sector mais procurado: todos os anos, mais de 30% de todos os candidatos ao programa trabalham na agricultura. Devemos envolver e apoiar este interesse que os nossos jovens t\u00eam atrav\u00e9s de investimento de capital sustentado a longo prazo neste espa\u00e7o, temos de acertar na agricultura! Se fizermos isto, todos colheremos os benef\u00edcios de uma \u00c1frica mais pr\u00f3spera.<\/p>\n\n\n\n<p> <em>Esta hist\u00f3ria apareceu originalmente no blog do CEO da TEF, Ifeyinwa Ugochukwu no LinkedIn, em 11 de dezembro. Veja\u00a0<a href=\"https:\/\/www.linkedin.com\/pulse\/africa-forest-future-ifeyinwa-ugochukwu\/\" target=\"_blank\" rel=\"noreferrer noopener\" aria-label=\" (abre em uma nova aba)\">aqui<\/a>.<\/em> <\/p>","protected":false},"excerpt":{"rendered":"<p>Hoje cedo, meu querido colega, Owen Omogaifo \u2013 Diretor Geral da Transcorp Hotels, fez o discurso principal em nome de nosso Fundador, Tony O. Elumelu, no Semin\u00e1rio de Inova\u00e7\u00e3o Agr\u00edcola Israel-Nig\u00e9ria 2019 em Abuja. O tema da iniciativa foi \u201cN\u00e3o h\u00e1 espa\u00e7o para pequenos sonhos\u201d, com foco em agricultura e tecnologia. A \u00c1frica tem sido historicamente desconsiderada\u2026<\/p>","protected":false},"author":21,"featured_media":9909,"comment_status":"open","ping_status":"open","sticky":false,"template":"","format":"standard","meta":{"_exactmetrics_skip_tracking":false,"_exactmetrics_sitenote_active":false,"_exactmetrics_sitenote_note":"","_exactmetrics_sitenote_category":0,"cybocfi_hide_featured_image":"","footnotes":""},"categories":[20,59],"tags":[24,67,47,49,129],"class_list":["post-9908","post","type-post","status-publish","format-standard","has-post-thumbnail","hentry","category-articles","category-english","tag-africa","tag-african-entrepreneurs","tag-tony-elumelu","tag-tony-elumelu-foundation","tag-transformation"],"_links":{"self":[{"href":"https:\/\/www.tonyelumelufoundation.org\/pt\/wp-json\/wp\/v2\/posts\/9908","targetHints":{"allow":["GET"]}}],"collection":[{"href":"https:\/\/www.tonyelumelufoundation.org\/pt\/wp-json\/wp\/v2\/posts"}],"about":[{"href":"https:\/\/www.tonyelumelufoundation.org\/pt\/wp-json\/wp\/v2\/types\/post"}],"author":[{"embeddable":true,"href":"https:\/\/www.tonyelumelufoundation.org\/pt\/wp-json\/wp\/v2\/users\/21"}],"replies":[{"embeddable":true,"href":"https:\/\/www.tonyelumelufoundation.org\/pt\/wp-json\/wp\/v2\/comments?post=9908"}],"version-history":[{"count":0,"href":"https:\/\/www.tonyelumelufoundation.org\/pt\/wp-json\/wp\/v2\/posts\/9908\/revisions"}],"wp:featuredmedia":[{"embeddable":true,"href":"https:\/\/www.tonyelumelufoundation.org\/pt\/wp-json\/wp\/v2\/media\/9909"}],"wp:attachment":[{"href":"https:\/\/www.tonyelumelufoundation.org\/pt\/wp-json\/wp\/v2\/media?parent=9908"}],"wp:term":[{"taxonomy":"category","embeddable":true,"href":"https:\/\/www.tonyelumelufoundation.org\/pt\/wp-json\/wp\/v2\/categories?post=9908"},{"taxonomy":"post_tag","embeddable":true,"href":"https:\/\/www.tonyelumelufoundation.org\/pt\/wp-json\/wp\/v2\/tags?post=9908"}],"curies":[{"name":"wp","href":"https:\/\/api.w.org\/{rel}","templated":true}]}}